{"id":4616,"date":"2026-04-28T12:03:19","date_gmt":"2026-04-28T11:03:19","guid":{"rendered":"https:\/\/www.leuenberg.eu\/?p=4616"},"modified":"2026-04-28T12:04:44","modified_gmt":"2026-04-28T11:04:44","slug":"feierliche-amtseinfuehrung-von-geke-generalsekretaerin-susanne-schenk","status":"publish","type":"post","link":"https:\/\/www.leuenberg.eu\/de\/2026\/04\/28\/feierliche-amtseinfuehrung-von-geke-generalsekretaerin-susanne-schenk\/","title":{"rendered":"Feierliche Amtseinf\u00fchrung von GEKE-Generalsekret\u00e4rin Susanne Schenk"},"content":{"rendered":"<p><em>Bei einem feierlichen Gottesdienst in der Lutherkirche in Wien wurde am 27. April 2026 die neue Generalsekret\u00e4rin der Gemeinschaft Evangelischer Kirchen in Europa (GEKE), Dr. Susanne Schenk, in ihr Amt eingef\u00fchrt und der bisherige Generalsekret\u00e4r Dr. Mario Fischer verabschiedet. \u00dcber hundert Kirchenleitende und Wegbegleiter aus verschiedenen Teilen Europas nahmen an der Feier teil.<\/em><\/p>\n<p>\u201eChristus ist mitten unter uns \u2013 oft unerkannt, und doch geht er mit uns auf dem Weg.\u201c Mit diesem Leitgedanken stand die Emmaus-Erz\u00e4hlung im Zentrum des Gottesdienstes zur Amts\u00fcbergabe, denn Jesus Christus sei \u201ein unserer Weggemeinschaft gegenw\u00e4rtig\u201c. Die Dialogpredigt von Susanne Schenk und Mario Fischer wurde symbolisch als Weg an mehreren Stationen im Kirchraum gestaltet, da Kirche sein bedeute, gemeinsam auf dem Weg zu sein. Unterschiedliche Zug\u00e4nge zu Christus seien keine Gegens\u00e4tze, sondern Ausdruck gelebter Einheit: \u201eAlle suchen Christus mit Ernst \u2013 und alle auf ihre Weise.\u201c<\/p>\n<p>Man k\u00f6nne die Realit\u00e4t des Lebens auch als gl\u00e4ubiger Mensch nicht aus dem Blick verlieren. Somit bleibe die Bitte der \u00e4ngstlichen Emmausj\u00fcnger, der Herr \u201ebleibe bei uns, denn es will Abend werden\u201c sowohl im Bewusstsein der Endlichkeit des menschlichen Daseins als auch in der krisenbehafteten Zeit zentral.<\/p>\n<p>F\u00fcr die Gemeinschaft, die Jesus mit seiner Kirche haben wolle, stehe das Brotbrechen. In der Emmausgeschichte werde der Gast zum Gastgeber: \u201eChristus handelt selbst und stiftet Gemeinschaft.\u201c<br \/>\nAbschlie\u00dfend wurde die Emmausgeschichte als Bild f\u00fcr die weltweite Kirche verstanden: Menschen kommen aus unterschiedlichen Lebenszusammenh\u00e4ngen zusammen, um Hoffnung zu teilen und gest\u00e4rkt weiterzugehen.<\/p>\n<p><strong>Gru\u00dfworte und Gratulationen\u00a0<\/strong><br \/>\nDer Landesbischof der Evangelischen Kirche in W\u00fcrttemberg, Ernst-Wilhelm, von dessen Kirche aus Susanne Schenk nach Wien berufen wurde, unterstrich die besondere \u00f6kumenische Expertise der neuen Generalsekret\u00e4rin. Es sei wichtig, das \u201eMiteinander der Kirche \u00fcber V\u00f6lker und Konfessionsgrenzen hinaus\u201c zu st\u00e4rken.<\/p>\n<p>Der Generalsekret\u00e4r der Konferenz Europ\u00e4ischer Kirchen (KEK), Frank-Dieter Fischbach, betonte die Bedeutung der \u00d6kumene f\u00fcr Frieden und Zusammenhalt in Europa. Angesichts wachsender nationaler Abschottung und gesellschaftlicher Polarisierung sei das gemeinsame christliche Zeugnis unverzichtbar.<\/p>\n<p>Die \u00f6sterreichische Bisch\u00f6fin Cornelia Richter w\u00fcrdigte die Bedeutung der GEKE f\u00fcr die \u00f6sterreichische Evangelische Kirche A.B. und H.B. und f\u00fcr wegweisende theologische Publikationen.<br \/>\nMinisterialrat Martin Fischer, Vertreter des \u00f6sterreichischen Kultusamtes im Bundeskanzleramt, hob die institutionelle Entwicklung der GEKE in Wien hervor. Besonders die Anerkennung als K\u00f6rperschaft des \u00f6ffentlichen Rechts im Jahr 2019 habe die operative Handlungsf\u00e4higkeit entscheidend gest\u00e4rkt.<\/p>\n<p><strong>Personalia<\/strong><br \/>\nMit Dr. Susanne Schenk \u00fcbernimmt eine Theologin der Evangelischen Landeskirche in W\u00fcrttemberg das Amt der Generalsekret\u00e4rin. Sie war zuvor als \u00d6kumenereferentin mit Schwerpunkt auf interkonfessionellen Dialogen und europ\u00e4ischen Kirchenbeziehungen t\u00e4tig.#+<\/p>\n<p>Der scheidende Generalsekret\u00e4r Dr. Mario Fischer (Evangelische Kirche in Hessen und Nassau) leitete die GEKE seit 2019. In seiner Amtszeit wurden die kirchliche Gemeinschaft in Europa vertieft, neue Kirchen aufgenommen sowie die Zusammenarbeit mit weiteren christlichen Traditionen ausgebaut. Zudem wurde die GEKE als K\u00f6rperschaft \u00f6ffentlichen Rechts in \u00d6sterreich etabliert und als internationale NGO beim Europarat registriert. Fischer wechselt zum 1. Mai 2026 an das Konfessionskundliche Institut in Bensheim.<\/p>\n<p><a id=\"anchor-2cb7ce7a-4c72-511e-fa68-ba51367a4364\" title=\"https:\/\/civicrm.leuenberg.eu\/civicrm\/mailing\/url?u=2588&amp;qid=33906\" href=\"https:\/\/civicrm.leuenberg.eu\/civicrm\/mailing\/url?u=2588&amp;qid=33906\" data-auth=\"NotApplicable\" data-linkindex=\"0\">https:\/\/wetransfer.com\/previews\/2c3237141e15758c1cea65ce5cfeb4fc20260428105106\/0da452<\/a><\/p>\n","protected":false},"excerpt":{"rendered":"<p>Bei einem feierlichen Gottesdienst in der Lutherkirche in Wien wurde am 27. April 2026 die neue Generalsekret\u00e4rin der Gemeinschaft Evangelischer Kirchen in Europa (GEKE), Dr. Susanne Schenk, in ihr Amt eingef\u00fchrt und der bisherige Generalsekret\u00e4r Dr. Mario Fischer verabschiedet. \u00dcber hundert Kirchenleitende und Wegbegleiter aus verschiedenen Teilen Europas nahmen an der Feier teil. \u201eChristus ist [&hellip;]<\/p>\n","protected":false},"author":2,"featured_media":4615,"comment_status":"closed","ping_status":"closed","sticky":false,"template":"","format":"standard","meta":{"_acf_changed":false,"footnotes":""},"categories":[24,11],"tags":[],"class_list":["post-4616","post","type-post","status-publish","format-standard","has-post-thumbnail","hentry","category-deutsch-de","category-nachrichten"],"acf":[],"_links":{"self":[{"href":"https:\/\/www.leuenberg.eu\/de\/wp-json\/wp\/v2\/posts\/4616","targetHints":{"allow":["GET"]}}],"collection":[{"href":"https:\/\/www.leuenberg.eu\/de\/wp-json\/wp\/v2\/posts"}],"about":[{"href":"https:\/\/www.leuenberg.eu\/de\/wp-json\/wp\/v2\/types\/post"}],"author":[{"embeddable":true,"href":"https:\/\/www.leuenberg.eu\/de\/wp-json\/wp\/v2\/users\/2"}],"replies":[{"embeddable":true,"href":"https:\/\/www.leuenberg.eu\/de\/wp-json\/wp\/v2\/comments?post=4616"}],"version-history":[{"count":1,"href":"https:\/\/www.leuenberg.eu\/de\/wp-json\/wp\/v2\/posts\/4616\/revisions"}],"predecessor-version":[{"id":4617,"href":"https:\/\/www.leuenberg.eu\/de\/wp-json\/wp\/v2\/posts\/4616\/revisions\/4617"}],"wp:featuredmedia":[{"embeddable":true,"href":"https:\/\/www.leuenberg.eu\/de\/wp-json\/wp\/v2\/media\/4615"}],"wp:attachment":[{"href":"https:\/\/www.leuenberg.eu\/de\/wp-json\/wp\/v2\/media?parent=4616"}],"wp:term":[{"taxonomy":"category","embeddable":true,"href":"https:\/\/www.leuenberg.eu\/de\/wp-json\/wp\/v2\/categories?post=4616"},{"taxonomy":"post_tag","embeddable":true,"href":"https:\/\/www.leuenberg.eu\/de\/wp-json\/wp\/v2\/tags?post=4616"}],"curies":[{"name":"wp","href":"https:\/\/api.w.org\/{rel}","templated":true}]}}