{"id":1766,"date":"2022-06-25T07:57:40","date_gmt":"2022-06-25T06:57:40","guid":{"rendered":"https:\/\/2025.leuenberg.eu\/2022\/06\/25\/sondervikarinnen-auf-brussel-woche-special-assistants-on-brussels-week\/"},"modified":"2022-06-25T07:57:40","modified_gmt":"2022-06-25T06:57:40","slug":"sondervikarinnen-auf-brussel-woche-special-assistants-on-brussels-week","status":"publish","type":"post","link":"https:\/\/www.leuenberg.eu\/de\/2022\/06\/25\/sondervikarinnen-auf-brussel-woche-special-assistants-on-brussels-week\/","title":{"rendered":"Sondervikar*innen auf Br\u00fcssel-Woche\/Special assistants on Brussels week"},"content":{"rendered":"<p>Eine Br\u00fcssel-Hospitationswoche geh\u00f6rt zum fixen Programm eines Sondervikariatsjahres bei der GEKE. F\u00fcr uns, Kathleen M\u00fcller (K.M.) aus der Ev.-luth. Landeskirche Braunschweig und Marcus H\u00fctter (M.H.), Evangelische Kirche A.B. in \u00d6sterreich, fand diese vom 20. bis 25. Juni statt. Mario Fischer, Generalsekret\u00e4r der GEKE, begleitete uns die ersten Tage und stellte das Programm zusammen. Was wir dort erlebt haben, wen wir getroffen haben, was wir uns f\u00fcr unser weiteres (Berufs-)Leben mitnehmen und was diese Woche zu einer ganz besonderen Erfahrung gemacht hat, wollen wir berichten \u2013 dazu haben wir uns gegenseitig interviewt (siehe unten).<\/p>\n<p><em>A week in Brussels is part of the programme of a special vicariate year at CPCE. For us, Kathleen M\u00fcller (K.M.) from the Lutheran Church of Brunswick and Marcus H\u00fctter (M.H.), Evangelical Church A.B. in Austria, this experience took place from 20 to 25 June. Mario Fischer, General Secretary of the CPCE, accompanied us for the first few days and put together the programme. What we experienced there, whom we met, what we took away for our further (professional) life and what made this week a very special experience, we want to report &#8211; for this we <a href=\"https:\/\/www.leuenberg.eu\/topics\/involving-young-people\/\">interviewed each other<\/a>.<\/em><\/p>\n<p>************************************************************************<\/p>\n<h3>Interview Kathleen M\u00fcller\/Marcus H\u00fctter<\/h3>\n<p><strong>Kathleen M\u00fcller: \u201e<em>Lieber Marcus, du bist seit September 2021 als Sondervikar bzw. Pfarramtskandidat bei der GEKE und hast verschiedene Arbeitsprozesse begleitet und geleitet \u2013 was hat diese Woche in Br\u00fcssel im Vergleich so besonders gemacht?\u201c<\/em><\/strong><\/p>\n<p><strong>Marcus H\u00fctter:<\/strong> \u201eDie Br\u00fcssel-Woche war insofern eine ganz besondere Woche, weil sie so vielseitig war. Wir haben einerseits ganz unterschiedliche Menschen aus den verschiedenen Partner*innenorganisationen getroffen und andererseits einen Einblick aus erster Hand in die Arbeitsweise und das Selbstverst\u00e4ndnis des EU-Parlaments bekommen haben. Damit haben wir zum einen gesehen, wie die vielseitige kirchliche Interessensvertretungsarbeit bei der EU geschieht und zum anderen auch die sozusagen \u201eandere\u201c bzw. gesetzgebende Seite besser verstehen gelernt.\u201c<\/p>\n<p><strong><em>M.H.:<\/em><\/strong><strong> <em>Hat dich ein Treffen mit einer unserer Partner*innen besonders angesprochen bzw. ist dir ganz pers\u00f6nlich ein Treffen besonders im Kopf geblieben? <\/em><\/strong><\/p>\n<p><strong>K.M.:<\/strong> \u201eF\u00fcr mich pers\u00f6nlich war das Treffen bei der Eurodiaconia mit Anne-Sophie Wislocki sehr bedeutsam. Sie ist Head of Advocacy und hat selbst bei der GEKE gearbeitetet. Einerseits wurde uns ein Einblick dar\u00fcber gegeben hat, wie Advocacy-Arbeit im Bereich sozial-diakonischer Einrichtungen funktioniert, um ihre Themen bei Entscheidungstr\u00e4ger*innen der EU einzubringen. Andererseits ist die Eurodiaconia, \u00e4hnlich wie die GEKE, eine membership-based Organisation. F\u00fcr mich war es interessant, Parallelen und die unterschiedlichen M\u00f6glichkeiten der Mitgliedsarbeit zu entdecken.\u201c<\/p>\n<p><strong><em>K.M: \u201eSelbe Frage, welches Treffen war f\u00fcr dich ganz pers\u00f6nlich besonders einpr\u00e4gsam?\u201c<\/em><\/strong><\/p>\n<p><strong>M.H.:<\/strong> \u201eAm st\u00e4rksten in Erinnerung ist mir tats\u00e4chlich unser letztes Treffen mit Katerina Pekridou von der Konferenz Europ\u00e4ischer Kirchen (KEK). Es war ein sehr interessantes, sehr offenes Treffen, in dem es auch stark um den Umstrukturierungs- und Neuausrichtungsprozess auch in der Strategie der KEK ging. Katerina Pekridou ist die theologische Exekutivsekret\u00e4rin der Gesch\u00e4ftsstelle der KEK und sieht den Entwicklungen positiv entgegen. Einerseits hat sie die Probleme und Schwierigkeiten dieses Prozesses offen diskursiv mit uns besprochen, andererseits die gro\u00dfe Vision der Strategie er\u00f6rtert, die in einer effektiveren und auch proaktiven Advocacy- bzw. Interessensvertretungsarbeit f\u00fcr die Europ\u00e4ischen Kirchen zu sehen ist.\u201c<\/p>\n<p><strong><em>M.H.<\/em><\/strong><em> <strong>\u201eMagst du kurz berichten was wir sonst erlebt haben in der Woche und wen wir getroffen haben?\u201c <\/strong><\/em><\/p>\n<p><strong>K.M<\/strong>. \u201eGerne! Es war eine sehr volle und bereichernde Woche. Unser Start der Besuche begann bei der Chapel for Europe bzw. Chapel for Resurrection mit Pater Krystian Sowa. Er hat uns eingef\u00fchrt in das \u00f6kumenische und religi\u00f6se Leben der internationalen EU-Mitarbeiter*innen und deren Bed\u00fcrfnisse im viel besch\u00e4ftigten Arbeitsalltag. Au\u00dferdem hatten wir ein intensives Treffen mit Torsten Moritz, Generalsekret\u00e4r der Kommission der Kirchen f\u00fcr Migranten in Europa (CCME), der uns von der Advocacy- und Netzwerkarbeit ihrer Organisation berichtet hat. Weiter ging es zum EKD-B\u00fcro B\u00fcro in Br\u00fcssel. Dort haben wir uns mit dem Juristischen Referenten Eike Wiesner und Susanne Wander, Beraterin f\u00fcr EU-F\u00f6rderpolitik, getroffen, die von ihrer Arbeit berichtet haben. Ihre Aufgabe ist es, die europ\u00e4ische Rechtsetzungsverfahren zu beobachten und das Selbstbestimmungsrecht der Kirchen und ihre Positionen vor den EU-Institutionen zu vertreten. Ein kurzes, aber interessantes Treffen hatten wir mit Michael Kuhn, Senior Berater f\u00fcr \u00d6kologie und Nachhaltigkeit f\u00fcr die Commission of the Bishops\u2019 Conferences of the European Union (COMECE). Pfarrerin Marianne Reysen aus dem GEKE Fachbeirat Bildung gab uns einen kurzen Einblick in die Organisation der europ\u00e4ischen Schulen. Und ein Besuch in der Evangelischen Kirche von Br\u00fcssel, auch k\u00f6nigliche Kapelle genannt, und Ort der \u00e4ltesten protestantischen Gemeinde in Br\u00fcssel durfte nat\u00fcrlich nicht fehlen! Die Pfarrerin Laurence Flachon hat uns dort herzlich empfangen. Und zu guter Letzt bekamen wir eine private und authentische F\u00fchrung im EU-Parlament von Lawrence Urbain, einem Teilnehmer des Forum f\u00fcr Junge Theologie, der im EU-Parlament arbeitet.\u201c<\/p>\n<p><strong>M.H.:<\/strong> \u201eAls du gerade geredet hast, ist mir aufgefallen: es ist, glaube ich, kein Zufall und sagt was \u00fcber die Besonderheit und das Selbstverst\u00e4ndnis der GEKE als <em>Gemeinschaft<\/em> (!) Evangelischer Kirchen in Europa aus, dass unser Programm in Br\u00fcssel [von Mario Fischer organisiert, Generalsekret\u00e4r der GEKE, Anm.] nicht mit einem Besuch bei einer kirchlichen Interessensvertretung beginnt, sondern bei der Chapel vor Europe, bei der es eben um das gemeinsame Leben des christlichen Glaubens geht, gemeinsam Kirche sein in vers\u00f6hnter Verschiedenheit.\u201c<\/p>\n<p><strong><em>M.H.:<\/em><\/strong><strong> \u201eWie empfandest du die Advocacy- bzw. Lobby-Arbeit in Br\u00fcssel?<\/strong>\u201c<\/p>\n<p><strong>K.M.<\/strong>: \u201eZwischen den kirchlichen Organisationen, die Advocacy-Arbeit an den EU-Institutionen betreiben, besteht eine rege Netzwerkarbeit. Im Gro\u00dfen und Ganzen setzen sie sich alle gemeinsam f\u00fcr eine verbindende Sache vor den EU-Institutionen ein: auf biblischer Grundlage verfolgen sie eine sozialanwaltliche Rolle und setzen sich f\u00fcr benachteiligte Menschen und die Positionen der Kirche(n) ein. Dabei unterst\u00fctzen sich gegenseitig, tauschen sich aus, nutzen Synergiekr\u00e4fte. Gemeinsam k\u00f6nnen sie so vor den gesetzgebenden EU-Institutionen eine st\u00e4rkere Stimme sein.\u201c<\/p>\n<p><strong><em>K.M.:<\/em><\/strong><strong> <em>\u201eMarcus, erz\u00e4hl mir bitte, was nimmst du aus der Woche f\u00fcr deine zuk\u00fcnftige Arbeit in der Kirche mit?\u201c<\/em><\/strong><\/p>\n<p><strong>M.H:<\/strong> \u201eBest\u00e4rkt hat mich zu sehen, dass auch in der kirchlichen advocacy- bzw. Interessensvertertungsarbeit Kooperation und das Netzwerkdenken weiterbringt als nur f\u00fcr sich zu k\u00e4mpfen bzw. in seinem eigenen Saft zu schmorren. Auch als Gemeinde und Kirche tragen wir gesamtgesellschaftliche Verantwortung und m\u00fcssen \u00fcber die engen Grenzen unserer Kirchenmauern hinausblicken, das geht besser und entspricht m.E. dem christlichen Glauben, sich zusammen mit kirchlichen und nicht-kirchlichen Partner*innen auf den Weg zu machen, um Kirche mit und f\u00fcr andere zu sein.\u201c<\/p>\n<p>Vielen Dank f\u00fcr die Woche!<\/p>\n<p><em>Photo (CPCE\/M. H\u00fctter): Kathleen M\u00fcller, Marcus H\u00fctter with Michael Kuhn\/COMECE (left)<\/em><\/p>\n<p>&nbsp;<\/p>\n","protected":false},"excerpt":{"rendered":"<p>Eine Br\u00fcssel-Hospitationswoche geh\u00f6rt zum fixen Programm eines Sondervikariatsjahres bei der GEKE. F\u00fcr uns, Kathleen M\u00fcller (K.M.) aus der Ev.-luth. Landeskirche Braunschweig und Marcus H\u00fctter (M.H.), Evangelische Kirche A.B. in \u00d6sterreich, fand diese vom 20. bis 25. Juni statt. Mario Fischer, Generalsekret\u00e4r der GEKE, begleitete uns die ersten Tage und stellte das Programm zusammen. Was wir [&hellip;]<\/p>\n","protected":false},"author":2,"featured_media":1767,"comment_status":"open","ping_status":"open","sticky":false,"template":"","format":"standard","meta":{"_acf_changed":false,"footnotes":""},"categories":[21,20,22,10],"tags":[],"class_list":["post-1766","post","type-post","status-publish","format-standard","has-post-thumbnail","hentry","category-deutsch","category-english","category-featured","category-news"],"acf":[],"_links":{"self":[{"href":"https:\/\/www.leuenberg.eu\/de\/wp-json\/wp\/v2\/posts\/1766","targetHints":{"allow":["GET"]}}],"collection":[{"href":"https:\/\/www.leuenberg.eu\/de\/wp-json\/wp\/v2\/posts"}],"about":[{"href":"https:\/\/www.leuenberg.eu\/de\/wp-json\/wp\/v2\/types\/post"}],"author":[{"embeddable":true,"href":"https:\/\/www.leuenberg.eu\/de\/wp-json\/wp\/v2\/users\/2"}],"replies":[{"embeddable":true,"href":"https:\/\/www.leuenberg.eu\/de\/wp-json\/wp\/v2\/comments?post=1766"}],"version-history":[{"count":0,"href":"https:\/\/www.leuenberg.eu\/de\/wp-json\/wp\/v2\/posts\/1766\/revisions"}],"wp:featuredmedia":[{"embeddable":true,"href":"https:\/\/www.leuenberg.eu\/de\/wp-json\/wp\/v2\/media\/1767"}],"wp:attachment":[{"href":"https:\/\/www.leuenberg.eu\/de\/wp-json\/wp\/v2\/media?parent=1766"}],"wp:term":[{"taxonomy":"category","embeddable":true,"href":"https:\/\/www.leuenberg.eu\/de\/wp-json\/wp\/v2\/categories?post=1766"},{"taxonomy":"post_tag","embeddable":true,"href":"https:\/\/www.leuenberg.eu\/de\/wp-json\/wp\/v2\/tags?post=1766"}],"curies":[{"name":"wp","href":"https:\/\/api.w.org\/{rel}","templated":true}]}}