{"id":1738,"date":"2022-04-28T11:00:57","date_gmt":"2022-04-28T10:00:57","guid":{"rendered":"https:\/\/2025.leuenberg.eu\/2022\/04\/28\/dialogue-pspcu-cpce-de-en-it-fr\/"},"modified":"2022-04-28T11:00:57","modified_gmt":"2022-04-28T10:00:57","slug":"dialogue-pspcu-cpce-de-en-it-fr","status":"publish","type":"post","link":"https:\/\/www.leuenberg.eu\/de\/2022\/04\/28\/dialogue-pspcu-cpce-de-en-it-fr\/","title":{"rendered":"Dialogue PSPCU &#8211; CPCE (DE, EN, IT, FR)"},"content":{"rendered":"<p><strong>Beginn des Dialogs zwischen der Katholischen Kirche und der Gemeinschaft Evangelischer Kirchen in Europa &#8211;\u00a0<\/strong><strong>Pressemitteilung<\/strong><\/p>\n<p>Vom 19. bis 21. April 2022 fand die erste Sitzung eines Dialogs zwischen dem P\u00e4pstlichen Rat zur F\u00f6rderung der Einheit der Christen (PCPCU) und der Gemeinschaft Evangelischer Kirchen in Europa (GEKE) statt. Die Aufnahme des Dialogs war im Herbst 2018 zwischen beiden Partnern vereinbart worden. Getagt wurde auf Einladung der Evangelisch-reformierten Kirche Basel-Stadt im Bischofshof am Basler M\u00fcnster. F\u00fcr die Organisation war Prof. Dr. Martin Friedrich, der scheidende Studiensekret\u00e4r der GEKE, verantwortlich, der mit Dank verabschiedet wurde.<\/p>\n<p>Ziel des Dialogs ist die Ausarbeitung eines Dokuments, f\u00fcr das als vorl\u00e4ufiger Arbeitstitel \u201eAuf dem Weg zu einem gemeinsamen Verst\u00e4ndnis von Kirche. Vergewisserung, Vertiefung, Ausblick\u201c festgelegt wurde. Die erste Sitzung diente dem besseren gegenseitigen Kennenlernen, der genaueren Identifizierung der zu behandelnden Themen und der Verabredung \u00fcber die n\u00e4chsten Schritte. Die zweite Sitzung wird Anfang November 2022 in Augsburg stattfinden.<\/p>\n<p>Zusammensetzung der Delegationen<\/p>\n<p>Die Delegation des P\u00e4pstlichen Rates zur F\u00f6rderung der Einheit der Christen besteht aus:<br \/>\nBischof Dr. <strong>Bertram Meier<\/strong>, Augsburg (Delegationsleiter)<br \/>\nProf. Dr. <strong>Barbara Hallensleben<\/strong>, Fribourg<br \/>\nPrivatdozent Dr. <strong>Liborius Olaf Lumma<\/strong>, Innsbruck<br \/>\nProf. Dr. <strong>Aimable Musoni<\/strong> SDB, Rom<br \/>\nDie Gesch\u00e4ftsf\u00fchrung nimmt Pater Dr. <strong>Augustinus Sander<\/strong> OSB (Vatikanstadt) wahr.<\/p>\n<p>Die Delegation der Gemeinschaft Evangelischer Kirchen in Europa besteht aus:<br \/>\nDr.<strong> John Bradbury<\/strong>, London, United Reformed Church (Delegationsleiter)<br \/>\nProf. Dr. <strong>Fr\u00e9deric Chavel<\/strong>, Paris, Eglise Protestante Unie de France<br \/>\nProf. Dr. <strong>Paul Nimmo<\/strong>, Aberdeen, Church of Scotland<br \/>\nProf. Dr. <strong>Friederike N\u00fcssel<\/strong>, M\u00fcnchen\/ Heidelberg, Evangelisch-Lutherische Kirche in Bayern<br \/>\nDie Gesch\u00e4ftsf\u00fchrung nimmt Prof. Dr. <strong>Thomas-Andreas P\u00f5der <\/strong>(Tallinn\/Wien) wahr.<\/p>\n<p>***********************************************************************************************<\/p>\n<p><strong>Start of the dialogue between the Catholic Church and the Communion of Protestant Churches in Europe &#8211; <\/strong><strong>Press release<\/strong><\/p>\n<p>From the 19<span style=\"font-size: 11.6667px\">th <\/span>to the 21st\u00a0April 2022, the first meeting of a dialogue between the Pontifical Council for Promoting Christian Unity (PCPCU) and the Communion of Protestant Churches in Europe (CPCE) took place.\u00a0 The initiation of the dialogue was agreed between the two partners in autumn 2018.\u00a0 The meeting was held at the invitation of the Evangelical Reformed Church of Basel-Stadt in the Bischofshof at Basel Minster. Prof. Dr. Martin Friedrich, the outgoing study secretary of the CPCE, was responsible for the organization, who was bid farewell with thanks.<\/p>\n<p>The aim of the dialogue is the elaboration of a document for which the provisional working title \u201cAuf dem Weg zu einem gemeinsamen Verst\u00e4ndnis von Kirche. Vergewisserung, Vertiefung, Ausblick\u201d [&#8222;Towards a Common Understanding of Church: Reassurance, Deepening, Outlook&#8220;]. The first session served to get to develop relationships, to identify the topics to be treated more precisely and to agree on the next steps. The second meeting will take place in Augsburg at the beginning of November 2022.<\/p>\n<p>Composition of delegations<\/p>\n<p>The delegation of the Pontifical Council for Promoting Christian Unity consists of:<br \/>\nBishop Dr. <strong>Bertram Meier<\/strong>, Augsburg (Head of Delegation)<br \/>\nProf. Dr. <strong>Barbara Hallensleben<\/strong>, Fribourg<br \/>\nPrivatdozent Dr. <strong>Liborius Olaf Lumma<\/strong>, Innsbruck<br \/>\nProf. Dr. <strong>Aimable Musoni<\/strong> SDB, Rome<br \/>\nDelegation secretary: Father Dr. <strong>Augustinus Sander<\/strong> OSB, Vatican City.<\/p>\n<p>The delegation of the Communion of Protestant Churches in Europe consists of:<br \/>\nDr.<strong> John Bradbury<\/strong>, London, United Reformed Church (Head of Delegation)<br \/>\nProf. Dr. <strong>Fr\u00e9deric Chavel<\/strong>, Paris, Eglise Protestante Unie de France<br \/>\nProf. Dr <strong>. Paul Nimmo<\/strong>, Aberdeen, Church of Scotland<br \/>\nProf. Dr. <strong>Friederike N\u00fcssel<\/strong>, Munich\/ Heidelberg, Evangelical Lutheran Church in Bavaria<br \/>\nDelegation secretary: Prof. Dr. <strong>Thomas-Andreas P\u00f5der, <\/strong>Tallinn\/Vienna.<\/p>\n<p>**********************************************************************************************<\/p>\n<p><strong>Inizio del dialogo tra la Chiesa cattolica e la Comunione di Chiese protestanti in Europa &#8211; <\/strong><strong>Comunicato<\/strong><\/p>\n<p>Dal 19 al 21 aprile 2022 si \u00e8 tenuta la prima sessione di dialogo tra il Pontificio Consiglio per la Promozione dell&#8217;Unit\u00e0 dei Cristiani (PCPUC) e la Comunione di Chiese Protestanti in Europa (GEKE\/CCPE). L&#8217;inizio del dialogo \u00e8 stato concordato tra i due partner nell&#8217;autunno del 2018. L&#8217;incontro si \u00e8 svolto nel palazzo vescovile presso la cattedrale di Basilea, dietro invito della Chiesa evangelica riformata della citt\u00e0 di Basilea. Responsabile per l\u2019organizzazione della riunione \u00e8 stato il Prof. Dott. Martin Friedrich, segretario uscente della GEKE,\u00a0al quale \u00e8 stata espressa gratitudine per il servizio reso durante il suo incarico.<\/p>\n<p>L\u2019obiettivo del dialogo \u00e8 la preparazione di un documento, il cui titolo provvisorio \u00e8 \u201cAuf dem Weg zu einem gemeinsamen Verst\u00e4ndnis von Kirche. Vergewisserung, Vertiefung, Ausblick\u201c [\u201cIn Cammino verso una comprensione comune delle Chiese. Confronti, approfondimenti, prospettive\u201d]. La prima sessione \u00e8 servita a conoscersi meglio, a individuare con maggiore precisione gli argomenti da trattare e a concordare i passi da intraprendere. Il secondo incontro si terr\u00e0 ad Augusta all&#8217;inizio del mese di novembre prossimo.<\/p>\n<p>Composizione delle delegazioni<\/p>\n<p>La delegazione del Pontificio Consiglio per la Promozione dell\u2019Unit\u00e0 dei Cristiani \u00e8 composta da:<br \/>\nVescovo Dott.\u00a0<strong>Bertram Meier<\/strong>, Augsburg (capo delegazione)<br \/>\nProf. Dott.\u00a0<strong>Barbara Hallensleben<\/strong>, Friburgo<br \/>\nProf. Dott.\u00a0<strong>Liborius Olaf Lumma<\/strong>, Innsbruck<br \/>\nProf. Dott.\u00a0<strong>Aimable Musoni<\/strong>\u00a0SDB, Roma<br \/>\nIl coordinamento \u00e8 assunto dal P. Dott.\u00a0<strong>Augustinus Sander<\/strong>\u00a0OSB (Citt\u00e0 del Vaticano).<\/p>\n<p>La delegazione della Comunione di Chiese Protestanti in Europa \u00e8 composta da:<br \/>\nDott.\u00a0<strong>John Bradbury<\/strong>, Londra, United Reformed Church (capo delegazione)<br \/>\nProf. Dott.\u00a0<strong>Fr\u00e9deric Chavel<\/strong>, Paris, Eglise Protestante Unie de France<br \/>\nProf. Dott.\u00a0<strong>Paul Nimmo<\/strong>, Aberdeen, Chiesa di Scozia<br \/>\nProf. Dott.\u00a0<strong>Friederike N\u00fcssel<\/strong>, Monaco \/ Heidelberg, Chiesa evangelica luterana in Baviera<br \/>\nIl coordinamento \u00e8 assunto dal Prof. Dott.\u00a0<strong>Thomas-Andreas P\u00f5der<\/strong>\u00a0(Tallinn\/Vienna).<\/p>\n<p>**************************************************************************************************<\/p>\n<p><strong>D\u00e9but du dialogue entre l&#8217;\u00c9glise catholique et la Communion d&#8217;\u00c9glises protestantes en Europe &#8211; <\/strong><strong>Communiqu\u00e9 de presse<\/strong><\/p>\n<p>Du 19 au 21 avril 2022 a eu lieu la premi\u00e8re rencontre de dialogue entre le Conseil pontifical pour la promotion de l&#8217;unit\u00e9 des chr\u00e9tiens (CPPUC) et la Communion d&#8217;\u00c9glises protestantes en Europe (CEPE).\u00a0 L\u2019inauguration du dialogue a \u00e9t\u00e9 convenue entre les deux partenaires \u00e0 l&#8217;automne 2018.\u00a0 La r\u00e9union s&#8217;est tenue \u00e0 l&#8217;invitation de l&#8217;\u00c9glise \u00e9vang\u00e9lique r\u00e9form\u00e9e de B\u00e2le-Ville dans le Bischofshof de la cath\u00e9drale de B\u00e2le. L&#8217;organisation avait \u00e9t\u00e9 confi\u00e9e au Pr Dr Martin Friedrich, Secr\u00e9taire d&#8217;\u00e9tude de la CEPE en fin de mandat, auquel les participants ont exprim\u00e9 leurs remerciements et fait leurs adieux.<\/p>\n<p>Le dialogue a pour objectif d&#8217;\u00e9laborer un document ayant pour titre provisoire &#8222;Auf dem Weg zu einem gemeinsamen Verst\u00e4ndnis von Kirche.\u00a0Vergewisserung, Vertiefung, Ausblick&#8220; [&#8222;Vers une compr\u00e9hension commune de l&#8217;\u00c9glise. Confrontations, approfondissements, perspectives&#8220;].\u00a0La premi\u00e8re session a permis de nouer les premiers contacts, d&#8217;identifier les sujets \u00e0 traiter plus pr\u00e9cis\u00e9ment et de convenir des prochaines \u00e9tapes. La deuxi\u00e8me rencontre aura lieu \u00e0 Augsbourg au d\u00e9but du mois de novembre 2022.<\/p>\n<p>Composition des d\u00e9l\u00e9gations<\/p>\n<p>Membres de la d\u00e9l\u00e9gation du Conseil pontifical pour la promotion de l\u2019unit\u00e9 :<br \/>\nEv\u00eaque Dr <strong>Bertram Meier<\/strong>\u00a0(Augsbourg), chef de d\u00e9l\u00e9gation<br \/>\nPr Dr\u00a0<strong>Barbara Hallensleben<\/strong>\u00a0(Fribourg)<br \/>\nPr Dr\u00a0<strong>Liborius Olaf Lumma<\/strong>\u00a0(Innsbruck)<br \/>\nPr Dr\u00a0<strong>Aimable Musoni<\/strong>, SDB (Rome)<br \/>\nP\u00e8re Dr\u00a0<strong>Augustinus Sander<\/strong>, OSB (Cit\u00e9 du Vatican), cosecr\u00e9taire catholique.<\/p>\n<p>Membres de la d\u00e9l\u00e9gation de la Communion d\u2019\u00c9glises Protestantes en Europe :<\/p>\n<p>Dr\u00a0<strong>John Bradbury<\/strong>\u00a0(Londres, \u00c9glise r\u00e9form\u00e9e unie), chef de d\u00e9l\u00e9gation<br \/>\nPr Dr\u00a0<strong>Fr\u00e9deric Chavel<\/strong>\u00a0(Paris, \u00c9glise Protestante Unie de France)<br \/>\nPr Dr\u00a0<strong>Paul Nimmo<\/strong>\u00a0(Aberdeen, \u00c9glise d\u2019\u00c9cosse)<br \/>\nPr Dr\u00a0<strong>Friederike N\u00fcssel<\/strong>\u00a0(Munich\/Heidelberg, \u00c9glise \u00e9vang\u00e9lique luth\u00e9rienne de Bavi\u00e8re)<br \/>\nPr Dr\u00a0<strong>Thomas-Andreas P<\/strong><strong>\u00f5der<\/strong> (Tallinn\/Vienne), cosecr\u00e9taire protestant.<\/p>\n<p>&nbsp;<\/p>\n<p><em>Photo (PCPCU, CPCE): Basel, April 2022<\/em><\/p>\n","protected":false},"excerpt":{"rendered":"<p>Beginn des Dialogs zwischen der Katholischen Kirche und der Gemeinschaft Evangelischer Kirchen in Europa &#8211;\u00a0Pressemitteilung Vom 19. bis 21. April 2022 fand die erste Sitzung eines Dialogs zwischen dem P\u00e4pstlichen Rat zur F\u00f6rderung der Einheit der Christen (PCPCU) und der Gemeinschaft Evangelischer Kirchen in Europa (GEKE) statt. Die Aufnahme des Dialogs war im Herbst 2018 [&hellip;]<\/p>\n","protected":false},"author":2,"featured_media":1739,"comment_status":"open","ping_status":"open","sticky":false,"template":"","format":"standard","meta":{"_acf_changed":false,"footnotes":""},"categories":[21,20,22,10],"tags":[],"class_list":["post-1738","post","type-post","status-publish","format-standard","has-post-thumbnail","hentry","category-deutsch","category-english","category-featured","category-news"],"acf":[],"_links":{"self":[{"href":"https:\/\/www.leuenberg.eu\/de\/wp-json\/wp\/v2\/posts\/1738","targetHints":{"allow":["GET"]}}],"collection":[{"href":"https:\/\/www.leuenberg.eu\/de\/wp-json\/wp\/v2\/posts"}],"about":[{"href":"https:\/\/www.leuenberg.eu\/de\/wp-json\/wp\/v2\/types\/post"}],"author":[{"embeddable":true,"href":"https:\/\/www.leuenberg.eu\/de\/wp-json\/wp\/v2\/users\/2"}],"replies":[{"embeddable":true,"href":"https:\/\/www.leuenberg.eu\/de\/wp-json\/wp\/v2\/comments?post=1738"}],"version-history":[{"count":0,"href":"https:\/\/www.leuenberg.eu\/de\/wp-json\/wp\/v2\/posts\/1738\/revisions"}],"wp:featuredmedia":[{"embeddable":true,"href":"https:\/\/www.leuenberg.eu\/de\/wp-json\/wp\/v2\/media\/1739"}],"wp:attachment":[{"href":"https:\/\/www.leuenberg.eu\/de\/wp-json\/wp\/v2\/media?parent=1738"}],"wp:term":[{"taxonomy":"category","embeddable":true,"href":"https:\/\/www.leuenberg.eu\/de\/wp-json\/wp\/v2\/categories?post=1738"},{"taxonomy":"post_tag","embeddable":true,"href":"https:\/\/www.leuenberg.eu\/de\/wp-json\/wp\/v2\/tags?post=1738"}],"curies":[{"name":"wp","href":"https:\/\/api.w.org\/{rel}","templated":true}]}}