{"id":1608,"date":"2021-01-07T23:17:29","date_gmt":"2021-01-07T23:17:29","guid":{"rendered":"https:\/\/2025.leuenberg.eu\/2021\/01\/07\/die-evangelische-diaspora-und-corona-25-1-2021\/"},"modified":"2021-01-07T23:17:29","modified_gmt":"2021-01-07T23:17:29","slug":"die-evangelische-diaspora-und-corona-25-1-2021","status":"publish","type":"post","link":"https:\/\/www.leuenberg.eu\/de\/2021\/01\/07\/die-evangelische-diaspora-und-corona-25-1-2021\/","title":{"rendered":"Die evangelische Diaspora und Corona (25.1.2021)"},"content":{"rendered":"<p>\u00dcber den Rand des Kirchenzauns blickt unser Kooperationspartner ZETO und fragt: wie gehen die evangelischen Diasporakirchen weltweit mit der Corona-Krise um ?<\/p>\n<p>Online-Ringvorlesung mit dem Generalsekret\u00e4r des Gustav Adolf-Werks Leipzig, Pfg. Enno Haaks, am <strong>25.1.2021, 19.00 Uhr, GMT + 2<\/strong> (in deutscher Sprache)<\/p>\n<p>Infos \u00fcber den Link-Zugang hier im Folder!<\/p>\n<p><a href=\"https:\/\/www.leuenberg.eu\/wp-content\/themes\/Divi-content\/uploads\/2020\/12\/Blick-\u00fcber-den-Kirchenzaun_Haaks.pdf\">Blick \u00fcber den Kirchenzaun_Haaks<\/a><\/p>\n<p>&nbsp;<\/p>\n<p>&nbsp;<\/p>\n","protected":false},"excerpt":{"rendered":"<p>\u00dcber den Rand des Kirchenzauns blickt unser Kooperationspartner ZETO und fragt: wie gehen die evangelischen Diasporakirchen weltweit mit der Corona-Krise um ? Online-Ringvorlesung mit dem Generalsekret\u00e4r des Gustav Adolf-Werks Leipzig, Pfg. Enno Haaks, am 25.1.2021, 19.00 Uhr, GMT + 2 (in deutscher Sprache) Infos \u00fcber den Link-Zugang hier im Folder! Blick \u00fcber den Kirchenzaun_Haaks &nbsp; [&hellip;]<\/p>\n","protected":false},"author":2,"featured_media":1609,"comment_status":"open","ping_status":"open","sticky":false,"template":"","format":"standard","meta":{"_acf_changed":false,"footnotes":""},"categories":[21,22,10],"tags":[],"class_list":["post-1608","post","type-post","status-publish","format-standard","has-post-thumbnail","hentry","category-deutsch","category-featured","category-news"],"acf":[],"_links":{"self":[{"href":"https:\/\/www.leuenberg.eu\/de\/wp-json\/wp\/v2\/posts\/1608","targetHints":{"allow":["GET"]}}],"collection":[{"href":"https:\/\/www.leuenberg.eu\/de\/wp-json\/wp\/v2\/posts"}],"about":[{"href":"https:\/\/www.leuenberg.eu\/de\/wp-json\/wp\/v2\/types\/post"}],"author":[{"embeddable":true,"href":"https:\/\/www.leuenberg.eu\/de\/wp-json\/wp\/v2\/users\/2"}],"replies":[{"embeddable":true,"href":"https:\/\/www.leuenberg.eu\/de\/wp-json\/wp\/v2\/comments?post=1608"}],"version-history":[{"count":0,"href":"https:\/\/www.leuenberg.eu\/de\/wp-json\/wp\/v2\/posts\/1608\/revisions"}],"wp:featuredmedia":[{"embeddable":true,"href":"https:\/\/www.leuenberg.eu\/de\/wp-json\/wp\/v2\/media\/1609"}],"wp:attachment":[{"href":"https:\/\/www.leuenberg.eu\/de\/wp-json\/wp\/v2\/media?parent=1608"}],"wp:term":[{"taxonomy":"category","embeddable":true,"href":"https:\/\/www.leuenberg.eu\/de\/wp-json\/wp\/v2\/categories?post=1608"},{"taxonomy":"post_tag","embeddable":true,"href":"https:\/\/www.leuenberg.eu\/de\/wp-json\/wp\/v2\/tags?post=1608"}],"curies":[{"name":"wp","href":"https:\/\/api.w.org\/{rel}","templated":true}]}}