{"id":1592,"date":"2020-10-30T11:35:57","date_gmt":"2020-10-30T11:35:57","guid":{"rendered":"https:\/\/2025.leuenberg.eu\/2020\/10\/30\/geke-generalsekretar-fischer-zur-gewalt-in-frankreich-cpce-general-secretary-fischer-on-violence-in-france\/"},"modified":"2020-10-30T11:35:57","modified_gmt":"2020-10-30T11:35:57","slug":"geke-generalsekretar-fischer-zur-gewalt-in-frankreich-cpce-general-secretary-fischer-on-violence-in-france","status":"publish","type":"post","link":"https:\/\/www.leuenberg.eu\/de\/2020\/10\/30\/geke-generalsekretar-fischer-zur-gewalt-in-frankreich-cpce-general-secretary-fischer-on-violence-in-france\/","title":{"rendered":"GEKE-Generalsekret\u00e4r Fischer zur Gewalt in Frankreich\/CPCE General Secretary Fischer on violence in France"},"content":{"rendered":"<p>\u201eMit Best\u00fcrzung und gro\u00dfer Betroffenheit haben wir die m\u00f6rderischen Anschl\u00e4ge von Paris und Nizza wahrgenommen. Den Angeh\u00f6rigen, Freunden und Freundinnen, Kolleginnen und Kollegen der Opfer gilt unser Mitgef\u00fchl und unsere F\u00fcrbitte. Wir m\u00fcssen aufpassen, uns von dem Hass und der Gewalt, die sich in diesen Anschl\u00e4gen Bahn schlagen, nicht in einen hasserf\u00fcllten Strudel rei\u00dfen zu lassen,&#8220; sagt GEKE-Generalsekret\u00e4r Dr. Mario Fischer.<\/p>\n<p>&#8222;Kirchen und Kirchengemeinden setzen sich auf verschiedenen Ebenen und in vielf\u00e4ltigen Weisen f\u00fcr ein friedliches Miteinander zwischen den Religionen und Menschen mit verschiedenen \u00dcberzeugungen ein. Der Dialog zwischen den Religionen und gemeinsam mit Menschen, die keinem religi\u00f6sen Bekenntnis angeh\u00f6ren, muss weiter verfolgt und ausgebaut werden. Auf diesem Weg der Begegnung, des Gespr\u00e4chs und der Auseinandersetzung kann gemeinsam das Zusammenleben vor Ort und in Europa gestaltet werden,\u201c so Fischer in seinem Statement.<\/p>\n<p>Wien, am 30. Oktober 2020<\/p>\n<p><strong>\u00ab C\u2019est avec consternation et extr\u00eame inqui\u00e9tude que nous avons v\u00e9cu les attentats meurtriers de Paris et de Nice. Nous pr\u00e9sentons nos condol\u00e9ances et offrons nos intercessions aux parents, amis et coll\u00e8gues des victimes. Nous devons faire attention de ne pas nous laisser entra\u00eener dans un tourbillon de haine et de violence qui se propagent dans ces attaques \u00bb, d\u00e9clare le secr\u00e9taire g\u00e9n\u00e9ral de la CEPE, le Dr Mario Fischer.\u00a0<\/strong><\/p>\n<p><strong>\u00ab Les \u00e9glises et congr\u00e9gations pr\u00f4nent, \u00e0 diff\u00e9rents niveaux et de diff\u00e9rentes mani\u00e8res, la coexistence pacifique entre les religions et avec les personnes de convictions diff\u00e9rentes. Le dialogue entre les religions et avec les personnes n&#8217;appartenant \u00e0 aucune confession religieuse doit \u00eatre poursuivi et amplifi\u00e9. C\u2019est sur ce chemin de rencontre, de conversation et de r\u00e9flexion, que nous pouvons faconner ensemble le vivre ensemble au niveau local et en Europe \u00bb, d\u00e9clare le Dr Fischer dans son communiqu\u00e9.\u00a0<\/strong><\/p>\n<p><strong>Vienne, le 30 Octobre 2020<\/strong><\/p>\n<p><em>&#8222;It is in dismay and extreme concern that we experience the attacks in Paris and Nice. We express our deepest sympathy and offer intercession for the families, friends and colleagues of those killed. We need to pay attention not to be drawn into a spiral of hatred and violence by these murderous attacks&#8220;, says CPCE General Secretary Dr Mario Fischer.<\/em><\/p>\n<p><em>&#8222;Churches and congregations propagate peaceful coexistence between the religions and with people who hold contrasting beliefs at various levels and in many different ways.\u00a0Dialogue between the religions and with non-believers must be pursued and amplified. Encounters, discussions and debate can help pave a common path towards local and pan-European coexistence,&#8220; says Fischer in his statement.<\/em><\/p>\n<p><em>Vienna, 30 October 2020<\/em><\/p>\n<p><a href=\"https:\/\/www.protestants.org\/articles\/63107-communique-fpf-attentat-notre-dame-de-nice\">Communiqu\u00e9s FPF et CRCF<\/a><\/p>\n<p>&nbsp;<\/p>\n<p>Photo: CPCE<\/p>\n","protected":false},"excerpt":{"rendered":"<p>\u201eMit Best\u00fcrzung und gro\u00dfer Betroffenheit haben wir die m\u00f6rderischen Anschl\u00e4ge von Paris und Nizza wahrgenommen. Den Angeh\u00f6rigen, Freunden und Freundinnen, Kolleginnen und Kollegen der Opfer gilt unser Mitgef\u00fchl und unsere F\u00fcrbitte. Wir m\u00fcssen aufpassen, uns von dem Hass und der Gewalt, die sich in diesen Anschl\u00e4gen Bahn schlagen, nicht in einen hasserf\u00fcllten Strudel rei\u00dfen zu [&hellip;]<\/p>\n","protected":false},"author":2,"featured_media":1593,"comment_status":"open","ping_status":"open","sticky":false,"template":"","format":"standard","meta":{"_acf_changed":false,"footnotes":""},"categories":[22,10],"tags":[],"class_list":["post-1592","post","type-post","status-publish","format-standard","has-post-thumbnail","hentry","category-featured","category-news"],"acf":[],"_links":{"self":[{"href":"https:\/\/www.leuenberg.eu\/de\/wp-json\/wp\/v2\/posts\/1592","targetHints":{"allow":["GET"]}}],"collection":[{"href":"https:\/\/www.leuenberg.eu\/de\/wp-json\/wp\/v2\/posts"}],"about":[{"href":"https:\/\/www.leuenberg.eu\/de\/wp-json\/wp\/v2\/types\/post"}],"author":[{"embeddable":true,"href":"https:\/\/www.leuenberg.eu\/de\/wp-json\/wp\/v2\/users\/2"}],"replies":[{"embeddable":true,"href":"https:\/\/www.leuenberg.eu\/de\/wp-json\/wp\/v2\/comments?post=1592"}],"version-history":[{"count":0,"href":"https:\/\/www.leuenberg.eu\/de\/wp-json\/wp\/v2\/posts\/1592\/revisions"}],"wp:featuredmedia":[{"embeddable":true,"href":"https:\/\/www.leuenberg.eu\/de\/wp-json\/wp\/v2\/media\/1593"}],"wp:attachment":[{"href":"https:\/\/www.leuenberg.eu\/de\/wp-json\/wp\/v2\/media?parent=1592"}],"wp:term":[{"taxonomy":"category","embeddable":true,"href":"https:\/\/www.leuenberg.eu\/de\/wp-json\/wp\/v2\/categories?post=1592"},{"taxonomy":"post_tag","embeddable":true,"href":"https:\/\/www.leuenberg.eu\/de\/wp-json\/wp\/v2\/tags?post=1592"}],"curies":[{"name":"wp","href":"https:\/\/api.w.org\/{rel}","templated":true}]}}