{"id":1578,"date":"2020-08-24T07:55:55","date_gmt":"2020-08-24T06:55:55","guid":{"rendered":"https:\/\/2025.leuenberg.eu\/2020\/08\/24\/gebet-fur-weisrussland-belarus\/"},"modified":"2020-08-24T07:55:55","modified_gmt":"2020-08-24T06:55:55","slug":"gebet-fur-weisrussland-belarus","status":"publish","type":"post","link":"https:\/\/www.leuenberg.eu\/de\/2020\/08\/24\/gebet-fur-weisrussland-belarus\/","title":{"rendered":"Gebet f\u00fcr Wei\u00dfrussland\/Belarus"},"content":{"rendered":"<p>Der Bischof der Evangelisch-Augsburgischen Kirche in Polen, Jerzy Samiec, lud die Gemeinden ein, am Sonntag, dem 23. August 2020, f\u00fcr Frieden und Freiheit f\u00fcr Belarus zu beten, und dabei nicht nur an\u00a0 Glaubensgenossen in diesem Land zu denken, sondern auch an die gesamte belarussische Gesellschaft, die friedlich f\u00fcr Ver\u00e4nderung k\u00e4mpft.<\/p>\n<p>Der Text des nachstehenden Gebets wurde von einer Gruppe von Menschen aus der Gemeinde Bialystok erstellt. Dies ist die Gemeinde, die der Grenze zu Wei\u00dfrussland am n\u00e4chsten liegt und die Situation vor Ort am besten einsch\u00e4tzen kann. Die Evangelisch-Augsburgischen Kirche in Polen bittet, f\u00fcr die Menschen in Wei\u00dfrussland zu beten.<\/p>\n<p><em><strong>Wir kommen zu Dir, allm\u00e4chtiger Herr und Gott, der Du der Gott der Ordnung und des Friedens bist, wir bringen vor dich unsere \u00f6stlichen Nachbarn. Bitte beende die Gewalt, stehe ein f\u00fcr die Gesch\u00e4digten, aber gib ihnen auch die Kraft, den T\u00e4tern zu vergeben. Beende den Hass und schenke stattdessen gegenseitigen Respekt. Gib all denen Weisheit, Besonnenheit und das Geschenk der Einheit, die \u00fcber die Zukunft von Belarus entscheiden werden. Wir vertrauen dir all jene an, die sich sozial engagieren und ihr Leben oder ihre Gesundheit riskieren. Bitte tr\u00f6ste diejenigen, die ihre Angeh\u00f6rigen w\u00e4hrend der Proteste verloren haben, achte auf diejenigen, deren Angeh\u00f6rige verschwunden sind, und st\u00e4rke diejenigen, die k\u00f6rperlich und geistig gebrochen wurden. Gew\u00e4hre unseren Nachbarn Freiheit, Gerechtigkeit und Frieden, Herr, und mach uns sensibel f\u00fcr menschliches Leid, Ungerechtigkeit und B\u00f6ses, damit wir entsprechend unseren F\u00e4higkeiten richtig reagieren k\u00f6nnen. Wir wollen das Salz und Licht dieser Welt sein!<\/strong><\/em><\/p>\n<p>Lesen Sie hier das Interview mit Pfarrer Vladimir Tatarnikov aus der evangelisch-lutherischen Gemeinde Grodno\/Wei\u00dfrussland (<a href=\"https:\/\/www.evangelisch.de\/inhalte\/173827\/21-08-2020\/weissrussland-vladimir-tatarnikov-glocken-laeuten-lassen-damit-polizei-menschen-nicht-verpruegelt\">Link zu evangelisch.de<\/a>)<\/p>\n<p>&nbsp;<\/p>\n<p>&nbsp;<\/p>\n","protected":false},"excerpt":{"rendered":"<p>Der Bischof der Evangelisch-Augsburgischen Kirche in Polen, Jerzy Samiec, lud die Gemeinden ein, am Sonntag, dem 23. August 2020, f\u00fcr Frieden und Freiheit f\u00fcr Belarus zu beten, und dabei nicht nur an\u00a0 Glaubensgenossen in diesem Land zu denken, sondern auch an die gesamte belarussische Gesellschaft, die friedlich f\u00fcr Ver\u00e4nderung k\u00e4mpft. Der Text des nachstehenden Gebets [&hellip;]<\/p>\n","protected":false},"author":2,"featured_media":1579,"comment_status":"open","ping_status":"open","sticky":false,"template":"","format":"standard","meta":{"_acf_changed":false,"footnotes":""},"categories":[21,22,10],"tags":[],"class_list":["post-1578","post","type-post","status-publish","format-standard","has-post-thumbnail","hentry","category-deutsch","category-featured","category-news"],"acf":[],"_links":{"self":[{"href":"https:\/\/www.leuenberg.eu\/de\/wp-json\/wp\/v2\/posts\/1578","targetHints":{"allow":["GET"]}}],"collection":[{"href":"https:\/\/www.leuenberg.eu\/de\/wp-json\/wp\/v2\/posts"}],"about":[{"href":"https:\/\/www.leuenberg.eu\/de\/wp-json\/wp\/v2\/types\/post"}],"author":[{"embeddable":true,"href":"https:\/\/www.leuenberg.eu\/de\/wp-json\/wp\/v2\/users\/2"}],"replies":[{"embeddable":true,"href":"https:\/\/www.leuenberg.eu\/de\/wp-json\/wp\/v2\/comments?post=1578"}],"version-history":[{"count":0,"href":"https:\/\/www.leuenberg.eu\/de\/wp-json\/wp\/v2\/posts\/1578\/revisions"}],"wp:featuredmedia":[{"embeddable":true,"href":"https:\/\/www.leuenberg.eu\/de\/wp-json\/wp\/v2\/media\/1579"}],"wp:attachment":[{"href":"https:\/\/www.leuenberg.eu\/de\/wp-json\/wp\/v2\/media?parent=1578"}],"wp:term":[{"taxonomy":"category","embeddable":true,"href":"https:\/\/www.leuenberg.eu\/de\/wp-json\/wp\/v2\/categories?post=1578"},{"taxonomy":"post_tag","embeddable":true,"href":"https:\/\/www.leuenberg.eu\/de\/wp-json\/wp\/v2\/tags?post=1578"}],"curies":[{"name":"wp","href":"https:\/\/api.w.org\/{rel}","templated":true}]}}