{"id":1565,"date":"2020-07-05T04:34:29","date_gmt":"2020-07-05T03:34:29","guid":{"rendered":"https:\/\/2025.leuenberg.eu\/2020\/07\/05\/bretten-emden-worms-neues-aus-den-reformationsstadten-europas\/"},"modified":"2020-07-05T04:34:29","modified_gmt":"2020-07-05T03:34:29","slug":"bretten-emden-worms-neues-aus-den-reformationsstadten-europas","status":"publish","type":"post","link":"https:\/\/www.leuenberg.eu\/de\/2020\/07\/05\/bretten-emden-worms-neues-aus-den-reformationsstadten-europas\/","title":{"rendered":"Bretten, Emden, Worms: Neues aus den &#8222;Reformationsst\u00e4dten Europas&#8220;"},"content":{"rendered":"<p>Ab 2021 werden weitere Meilensteine der Reformationsgeschichte erinnert und gefeiert: den Anfang machen <a href=\"https:\/\/reformation-cities.org\/cities\/worms\/\">Worms<\/a> (500 Jahre Reichstag, \u201eHier stehe ich \u2026\u201c) und <a href=\"https:\/\/reformation-cities.org\/cities\/emden\/\">Emden<\/a> (450 Jahre Emder Synode).<\/p>\n<p>Eine Mediennutzung, die aktuellen Gegebenheiten bestm\u00f6glich angepasst ist, zeigt ab sofort <a href=\"https:\/\/reformation-cities.org\/cities\/bretten\/\">Bretten<\/a> auf (Melanchthon-Audioguide).<\/p>\n<p>Weitere Jubil\u00e4en und Aktivit\u00e4ten der 101 \u201eReformationsst\u00e4dte Europas\u201c sollen folgen. \u00dcbrigens: das Bewerbungsverfahren um diesen Titel ist offen! N\u00e4heres auf <a href=\"https:\/\/reformation-cities.org\/\">www.reformation-cities.org<\/a>! Dort werden auch laufend Veranstaltungshinweise rund um Jubil\u00e4umsfeierlichkeiten zur Reformationsgeschichte ver\u00f6ffentlicht.<\/p>\n<p>&nbsp;<\/p>\n<p style=\"text-align: right\"><em><span lang=\"EN-GB\">As of 2021, we will be commemorating and celebrating further milestones in the history of the Reformation \u2013 starting with the 500<sup>th<\/sup> anniversary of the Diet of <b>Worms<\/b> (\u201cHere I stand \u2026\u201d) and the 450<sup>th<\/sup> anniversary of the Synod of <b>Emden<\/b>. <\/span><\/em><\/p>\n<p style=\"text-align: right\"><em><span lang=\"EN-GB\">Cutting-edge use of media befitting our times will appeal to explorers in the town of <b>Bretten<\/b> (a Melanchthon audioguide).<\/span><\/em><\/p>\n<p style=\"text-align: right\"><em><span lang=\"EN-GB\">Further anniversaries and activities from the 101 \u201cEuropean Cities of the Reformation\u201d are in the pipeline. Incidentally, applications are still being accepted for this accolade! You can find out more at www.reformation-cities.org! That\u2019s also the place to go for ongoing updates and news of special events celebrating anniversaries in the history of the Reformation.<\/span><\/em><\/p>\n<p>Details zu den Veranstaltungen: <a href=\"https:\/\/reformation-cities.org\/aktuell\/\">hier<\/a><\/p>\n<p><em>Picture: Melanchthon-Akademie Bretten<\/em><\/p>\n","protected":false},"excerpt":{"rendered":"<p>Ab 2021 werden weitere Meilensteine der Reformationsgeschichte erinnert und gefeiert: den Anfang machen Worms (500 Jahre Reichstag, \u201eHier stehe ich \u2026\u201c) und Emden (450 Jahre Emder Synode). Eine Mediennutzung, die aktuellen Gegebenheiten bestm\u00f6glich angepasst ist, zeigt ab sofort Bretten auf (Melanchthon-Audioguide). Weitere Jubil\u00e4en und Aktivit\u00e4ten der 101 \u201eReformationsst\u00e4dte Europas\u201c sollen folgen. \u00dcbrigens: das Bewerbungsverfahren um [&hellip;]<\/p>\n","protected":false},"author":2,"featured_media":1566,"comment_status":"open","ping_status":"open","sticky":false,"template":"","format":"standard","meta":{"_acf_changed":false,"footnotes":""},"categories":[21,20,22,10],"tags":[],"class_list":["post-1565","post","type-post","status-publish","format-standard","has-post-thumbnail","hentry","category-deutsch","category-english","category-featured","category-news"],"acf":[],"_links":{"self":[{"href":"https:\/\/www.leuenberg.eu\/de\/wp-json\/wp\/v2\/posts\/1565","targetHints":{"allow":["GET"]}}],"collection":[{"href":"https:\/\/www.leuenberg.eu\/de\/wp-json\/wp\/v2\/posts"}],"about":[{"href":"https:\/\/www.leuenberg.eu\/de\/wp-json\/wp\/v2\/types\/post"}],"author":[{"embeddable":true,"href":"https:\/\/www.leuenberg.eu\/de\/wp-json\/wp\/v2\/users\/2"}],"replies":[{"embeddable":true,"href":"https:\/\/www.leuenberg.eu\/de\/wp-json\/wp\/v2\/comments?post=1565"}],"version-history":[{"count":0,"href":"https:\/\/www.leuenberg.eu\/de\/wp-json\/wp\/v2\/posts\/1565\/revisions"}],"wp:featuredmedia":[{"embeddable":true,"href":"https:\/\/www.leuenberg.eu\/de\/wp-json\/wp\/v2\/media\/1566"}],"wp:attachment":[{"href":"https:\/\/www.leuenberg.eu\/de\/wp-json\/wp\/v2\/media?parent=1565"}],"wp:term":[{"taxonomy":"category","embeddable":true,"href":"https:\/\/www.leuenberg.eu\/de\/wp-json\/wp\/v2\/categories?post=1565"},{"taxonomy":"post_tag","embeddable":true,"href":"https:\/\/www.leuenberg.eu\/de\/wp-json\/wp\/v2\/tags?post=1565"}],"curies":[{"name":"wp","href":"https:\/\/api.w.org\/{rel}","templated":true}]}}