{"id":1555,"date":"2020-05-06T11:34:52","date_gmt":"2020-05-06T10:34:52","guid":{"rendered":"https:\/\/2025.leuenberg.eu\/2020\/05\/06\/1668-2\/"},"modified":"2020-05-06T11:34:52","modified_gmt":"2020-05-06T10:34:52","slug":"1668-2","status":"publish","type":"post","link":"https:\/\/www.leuenberg.eu\/de\/2020\/05\/06\/1668-2\/","title":{"rendered":"Dachau: &#8222;We shall overcome&#8220;"},"content":{"rendered":"<p>Die Evangelisch-Lutherische Kirche in Bayern und die Erzdi\u00f6zese M\u00fcnchen und Freising begingen den 75. Jahrestag der Befreiung des Konzentrationslagers Dachau mit einer \u00f6kumenischen Andacht am 27. April 2020. Diese fand am authentischen Ort statt, in der Evangelischen Vers\u00f6hnungskirche auf dem einstigen Gel\u00e4nde des H\u00e4ftlingslagers, unweit des Krematoriums. Da das Gedenken wegen der Corona-Krise nicht \u00f6ffentlich sein konnte &#8211; geplant war ein gro\u00dfer Gottesdienst am 3. Mai zum Befreiungstag mit Landesbischof Heinrich Bedford-Strohm, Kardinal Reinhard Marx und Metropolit Augoustinos Lambardakis -, wurde die Andacht in einer deutschsprachigen und einer englischsprachigen Fassung aufgezeichnet. Das geschah auf Wunsch von Familien von Dachau-\u00dcberlebenden und von Veteranen, die als amerikanische Soldaten Dachau befreit hatten.<\/p>\n<p>Im Mittelpunkt der Andacht stehen Zeugnisse der Dachau-H\u00e4ftlinge Herbert Zipper, Jura Soyfer, Joseph Rovan und Karl Adolf Gro\u00df, die vorgetragen wurden. Der Gesang der jungen Musikstudentin Sophie Aeckerle auf Deutsch, Griechisch, Englisch und Hebr\u00e4isch verbindet das Gedenken an alle KZ-Opfer und die dankbare Erinnerung an die Befreiung vor 75 Jahren mit der Hoffnung auf eine \u00dcberwindung von Unrecht, Krieg und Not heute. Das Video wurde am Mittwoch, 29. April 2020, um 17 Uhr ver\u00f6ffentlicht, in etwa zu der Zeit, zu der vor 75 Jahren US-Army-Einheiten die H\u00e4ftlinge befreiten.<\/p>\n<p><a href=\"http:\/\/510319186.swh.strato-hosting.eu\/GEKE\/wp-content\/themes\/Divi-content\/uploads\/2020\/05\/\u00d6kum.-Andacht-zu-75-Jahre-KZ-Befreiung-Dachau-27.4.2020.pdf\">\u00d6kum. Andacht zu 75 Jahre KZ-Befreiung Dachau 27.4.2020<\/a><\/p>\n<p><a href=\"http:\/\/510319186.swh.strato-hosting.eu\/GEKE\/wp-content\/themes\/Divi-content\/uploads\/2020\/05\/Dachau-75th-year-Liberation-Memorial-Church-Service.pdf\">Dachau 75th year Liberation Memorial Church Service<\/a><\/p>\n<p><a href=\"https:\/\/youtu.be\/-8nBYrZBq2c\">Video (4:21 Min.)<\/a><\/p>\n","protected":false},"excerpt":{"rendered":"<p>Die Evangelisch-Lutherische Kirche in Bayern und die Erzdi\u00f6zese M\u00fcnchen und Freising begingen den 75. Jahrestag der Befreiung des Konzentrationslagers Dachau mit einer \u00f6kumenischen Andacht am 27. April 2020. Diese fand am authentischen Ort statt, in der Evangelischen Vers\u00f6hnungskirche auf dem einstigen Gel\u00e4nde des H\u00e4ftlingslagers, unweit des Krematoriums. Da das Gedenken wegen der Corona-Krise nicht \u00f6ffentlich [&hellip;]<\/p>\n","protected":false},"author":2,"featured_media":1556,"comment_status":"open","ping_status":"open","sticky":false,"template":"","format":"standard","meta":{"_acf_changed":false,"footnotes":""},"categories":[21,20,22,10],"tags":[],"class_list":["post-1555","post","type-post","status-publish","format-standard","has-post-thumbnail","hentry","category-deutsch","category-english","category-featured","category-news"],"acf":[],"_links":{"self":[{"href":"https:\/\/www.leuenberg.eu\/de\/wp-json\/wp\/v2\/posts\/1555","targetHints":{"allow":["GET"]}}],"collection":[{"href":"https:\/\/www.leuenberg.eu\/de\/wp-json\/wp\/v2\/posts"}],"about":[{"href":"https:\/\/www.leuenberg.eu\/de\/wp-json\/wp\/v2\/types\/post"}],"author":[{"embeddable":true,"href":"https:\/\/www.leuenberg.eu\/de\/wp-json\/wp\/v2\/users\/2"}],"replies":[{"embeddable":true,"href":"https:\/\/www.leuenberg.eu\/de\/wp-json\/wp\/v2\/comments?post=1555"}],"version-history":[{"count":0,"href":"https:\/\/www.leuenberg.eu\/de\/wp-json\/wp\/v2\/posts\/1555\/revisions"}],"wp:featuredmedia":[{"embeddable":true,"href":"https:\/\/www.leuenberg.eu\/de\/wp-json\/wp\/v2\/media\/1556"}],"wp:attachment":[{"href":"https:\/\/www.leuenberg.eu\/de\/wp-json\/wp\/v2\/media?parent=1555"}],"wp:term":[{"taxonomy":"category","embeddable":true,"href":"https:\/\/www.leuenberg.eu\/de\/wp-json\/wp\/v2\/categories?post=1555"},{"taxonomy":"post_tag","embeddable":true,"href":"https:\/\/www.leuenberg.eu\/de\/wp-json\/wp\/v2\/tags?post=1555"}],"curies":[{"name":"wp","href":"https:\/\/api.w.org\/{rel}","templated":true}]}}