{"id":1527,"date":"2020-01-16T13:15:16","date_gmt":"2020-01-16T13:15:16","guid":{"rendered":"https:\/\/2025.leuenberg.eu\/2020\/01\/16\/neu-bei-der-geke-new-at-cpce\/"},"modified":"2020-01-16T13:15:16","modified_gmt":"2020-01-16T13:15:16","slug":"neu-bei-der-geke-new-at-cpce","status":"publish","type":"post","link":"https:\/\/www.leuenberg.eu\/de\/2020\/01\/16\/neu-bei-der-geke-new-at-cpce\/","title":{"rendered":"Neu bei der GEKE &#8211; New at CPCE"},"content":{"rendered":"<p>Mit Januar 2020 haben zwei neue Mitarbeiter*innen ihre T\u00e4tigkeit in der Gesch\u00e4ftsstelle in Wien aufgenommen:<\/p>\n<p><strong>Dr. Oliver Engelhardt<\/strong>, geb. 1975 in Lichtenfels\/DE, kommt von der Evangelischen Kirche der B\u00f6hmischen Br\u00fcder in Prag zur GEKE. Engelhardt studierte Slawistik, Bohemistik, Sprach- und Musikwissenschaft u.a. in Heidelberg und M\u00fcnchen, seine Dissertation schloss er 2012 an der Karls-Universit\u00e4t in Prag ab. Seit 2004 war Oliver Engelhardt in der Abteilung f\u00fcr \u00d6kumene und Auslandsbeziehungen der EKBB t\u00e4tig, im April 2017 \u00fcbernahm er die Leitung. Oliver Engelhardt kommt mit seiner Frau und den beiden T\u00f6chtern nach Wien und tritt als Referent f\u00fcr Kirchenbeziehungen der GEKE die Nachfolge von Pfrin. Kathrin Nothacker an, die am 14.1.2020 in ihr neues Amt als Oberkirchenr\u00e4tin f\u00fcr Theologische Ausbildung und Pfarrdienst der W\u00fcrttembergischen Landeskirche eingef\u00fchrt wurde.<\/p>\n<p><strong>Anne-Sophie Wislocki M.A. M.A.<\/strong>, geb. 1991 in Frankfurt am Main\/DE, ist Deutsch-Franz\u00f6sin und war zuletzt bei Eurodiaconia in Br\u00fcssel t\u00e4tig. Sie studierte Politikwissenschaften mit Schwerpunkt Internationale Beziehungen und Europastudien in Nancy, Rom, Paris und Br\u00fcgge. Von 2017 bis 2019 war Anne-Sophie Wislocki als politische Referentin bei Eurodiaconia t\u00e4tig. Dort lag ihr thematischer Schwerpunkt in der Armutsbek\u00e4mpfung, umfasste aber auch andere sozialpolitische Themen wie die Integration von EU- und nicht-EU Migranten, sowie der Roma, und die Betreuung EU-spezifischer Prozesse wie dem Europ\u00e4ischen Semester und der Europ\u00e4ischen S\u00e4ule Sozialer Rechte. Seit 2019 lebt Anne-Sophie Wislocki mit ihrer Familie in Wien und wird das Team der Gesch\u00e4ftsstelle zu sozialethischen Themen unterst\u00fctzen.<\/p>\n<p><em><span lang=\"EN-GB\">In January 2020, the team at the head office in Vienna welcomed two new staff members.<\/span><\/em><\/p>\n<p><em><b><span lang=\"EN-GB\">Dr Oliver Engelhardt<\/span><\/b><span lang=\"EN-GB\">, born in Lichtenfels (Germany) in 1975, is from the Evangelical Church of Czech Brethren in Prague. He studied Slavic, Czech, Linguistics and Musicology in Heidelberg and Munich, among other places, completing his dissertation at Charles University in Prague in 2012. Having worked in Ecumenism and Foreign Relations for the ECCB since 2004, Engelhardt took charge of the department in April 2017. His wife and two daughters are accompanying him to Vienna, where he is taking over the role of Officer for Church Relations from Rev. Kathrin Nothacker, who was inducted as the Senior Church Councillor for Theological Training and Pastoral Service in the W\u00fcrttemberg Regional Church on 14 January 2020.<\/span><\/em><\/p>\n<p><em><span lang=\"EN-GB\">\u00a0<\/span><\/em><em><b><span lang=\"EN-GB\">Anne-Sophie Wislocki<\/span><\/b><\/em><span lang=\"EN-GB\"><em><strong> M.A. M.A.<\/strong> was born in Frankfurt am Main (Germany) in 1991 and has German\/French dual nationality. After studying Political Science in Nancy, Rome, Paris and Bruges, majoring in International Relations and European Studies, she most recently worked for Eurodiaconia in Brussels. In her role as a policy officer for the organisation from 2017 to 2019, she focused on combating poverty, but also addressed other socio-political issues such as the integration of EU and non-EU migrants and Roma, and oversaw specific EU processes such as the European Semester and the European Pillar of Social Rights. Ms. Wislocki, who has been living in Vienna with her family since 2019, will be supporting the main office team in socio-ethical affairs.<\/em> <\/span><\/p>\n<p>&nbsp;<\/p>\n<p>Photo: CPCE\/M. Schnalzer<\/p>\n","protected":false},"excerpt":{"rendered":"<p>Mit Januar 2020 haben zwei neue Mitarbeiter*innen ihre T\u00e4tigkeit in der Gesch\u00e4ftsstelle in Wien aufgenommen: Dr. Oliver Engelhardt, geb. 1975 in Lichtenfels\/DE, kommt von der Evangelischen Kirche der B\u00f6hmischen Br\u00fcder in Prag zur GEKE. Engelhardt studierte Slawistik, Bohemistik, Sprach- und Musikwissenschaft u.a. in Heidelberg und M\u00fcnchen, seine Dissertation schloss er 2012 an der Karls-Universit\u00e4t in [&hellip;]<\/p>\n","protected":false},"author":2,"featured_media":1528,"comment_status":"open","ping_status":"open","sticky":false,"template":"","format":"standard","meta":{"_acf_changed":false,"footnotes":""},"categories":[21,20,22,10],"tags":[],"class_list":["post-1527","post","type-post","status-publish","format-standard","has-post-thumbnail","hentry","category-deutsch","category-english","category-featured","category-news"],"acf":[],"_links":{"self":[{"href":"https:\/\/www.leuenberg.eu\/de\/wp-json\/wp\/v2\/posts\/1527","targetHints":{"allow":["GET"]}}],"collection":[{"href":"https:\/\/www.leuenberg.eu\/de\/wp-json\/wp\/v2\/posts"}],"about":[{"href":"https:\/\/www.leuenberg.eu\/de\/wp-json\/wp\/v2\/types\/post"}],"author":[{"embeddable":true,"href":"https:\/\/www.leuenberg.eu\/de\/wp-json\/wp\/v2\/users\/2"}],"replies":[{"embeddable":true,"href":"https:\/\/www.leuenberg.eu\/de\/wp-json\/wp\/v2\/comments?post=1527"}],"version-history":[{"count":0,"href":"https:\/\/www.leuenberg.eu\/de\/wp-json\/wp\/v2\/posts\/1527\/revisions"}],"wp:featuredmedia":[{"embeddable":true,"href":"https:\/\/www.leuenberg.eu\/de\/wp-json\/wp\/v2\/media\/1528"}],"wp:attachment":[{"href":"https:\/\/www.leuenberg.eu\/de\/wp-json\/wp\/v2\/media?parent=1527"}],"wp:term":[{"taxonomy":"category","embeddable":true,"href":"https:\/\/www.leuenberg.eu\/de\/wp-json\/wp\/v2\/categories?post=1527"},{"taxonomy":"post_tag","embeddable":true,"href":"https:\/\/www.leuenberg.eu\/de\/wp-json\/wp\/v2\/tags?post=1527"}],"curies":[{"name":"wp","href":"https:\/\/api.w.org\/{rel}","templated":true}]}}