{"id":1525,"date":"2020-01-14T21:43:19","date_gmt":"2020-01-14T21:43:19","guid":{"rendered":"https:\/\/2025.leuenberg.eu\/2020\/01\/14\/kathrin-nothacker-neue-personaldezernentin-in-wurttemberg\/"},"modified":"2020-01-14T21:43:19","modified_gmt":"2020-01-14T21:43:19","slug":"kathrin-nothacker-neue-personaldezernentin-in-wurttemberg","status":"publish","type":"post","link":"https:\/\/www.leuenberg.eu\/de\/2020\/01\/14\/kathrin-nothacker-neue-personaldezernentin-in-wurttemberg\/","title":{"rendered":"Kathrin Nothacker neue Personaldezernentin in W\u00fcrttemberg"},"content":{"rendered":"<p>Von der GEKE in Wien zur\u00fcck nach Stuttgart: die vormalige Referentin f\u00fcr Kirchenbeziehungen der GEKE, Pfarrerin Kathrin Nothacker, wurde am 14. Jan. 2020 in ihr neues Amt als Leiterin des Dezernats \u201eTheologische Ausbildung und Pfarrdienst\u201c im Oberkirchenrat der Ev. Landeskirche in W\u00fcrttemberg eingef\u00fchrt. Nothacker wird k\u00fcnftig f\u00fcr rund 2.000 Pfarrerinnen und Pfarrer, Dekaninnen und Dekane der Landeskirche zust\u00e4ndig sein. Von 2017 bis Jahresende 2019 betreute Kathrin Nothacker in der Gesch\u00e4ftsstelle in Wien neben den Regionalgruppen der GEKE u.a. das Stewardprogramm der 8. Vollversammlung in Basel und ist Mitherausgeberin des diesbez\u00fcglichen Berichtsbandes.<\/p>\n<p>Die GEKE war bei der Amtseinf\u00fchrung in Stuttgart durch Pr\u00e4sidentin Dr. Miriam Rose, Generalsekret\u00e4r Dr. Mario Fischer und das Team der Gesch\u00e4ftsstelle vertreten. Viele gute W\u00fcnsche begleiten Kathrin Nothacker f\u00fcr ihre neue, verantwortungsvolle Aufgabe!<\/p>\n<p><em>Photo: ELK Wue\/W. B\u00f6hm<\/em><\/p>\n","protected":false},"excerpt":{"rendered":"<p>Von der GEKE in Wien zur\u00fcck nach Stuttgart: die vormalige Referentin f\u00fcr Kirchenbeziehungen der GEKE, Pfarrerin Kathrin Nothacker, wurde am 14. Jan. 2020 in ihr neues Amt als Leiterin des Dezernats \u201eTheologische Ausbildung und Pfarrdienst\u201c im Oberkirchenrat der Ev. Landeskirche in W\u00fcrttemberg eingef\u00fchrt. Nothacker wird k\u00fcnftig f\u00fcr rund 2.000 Pfarrerinnen und Pfarrer, Dekaninnen und Dekane [&hellip;]<\/p>\n","protected":false},"author":2,"featured_media":1526,"comment_status":"open","ping_status":"open","sticky":false,"template":"","format":"standard","meta":{"_acf_changed":false,"footnotes":""},"categories":[21,22,10],"tags":[],"class_list":["post-1525","post","type-post","status-publish","format-standard","has-post-thumbnail","hentry","category-deutsch","category-featured","category-news"],"acf":[],"_links":{"self":[{"href":"https:\/\/www.leuenberg.eu\/de\/wp-json\/wp\/v2\/posts\/1525","targetHints":{"allow":["GET"]}}],"collection":[{"href":"https:\/\/www.leuenberg.eu\/de\/wp-json\/wp\/v2\/posts"}],"about":[{"href":"https:\/\/www.leuenberg.eu\/de\/wp-json\/wp\/v2\/types\/post"}],"author":[{"embeddable":true,"href":"https:\/\/www.leuenberg.eu\/de\/wp-json\/wp\/v2\/users\/2"}],"replies":[{"embeddable":true,"href":"https:\/\/www.leuenberg.eu\/de\/wp-json\/wp\/v2\/comments?post=1525"}],"version-history":[{"count":0,"href":"https:\/\/www.leuenberg.eu\/de\/wp-json\/wp\/v2\/posts\/1525\/revisions"}],"wp:featuredmedia":[{"embeddable":true,"href":"https:\/\/www.leuenberg.eu\/de\/wp-json\/wp\/v2\/media\/1526"}],"wp:attachment":[{"href":"https:\/\/www.leuenberg.eu\/de\/wp-json\/wp\/v2\/media?parent=1525"}],"wp:term":[{"taxonomy":"category","embeddable":true,"href":"https:\/\/www.leuenberg.eu\/de\/wp-json\/wp\/v2\/categories?post=1525"},{"taxonomy":"post_tag","embeddable":true,"href":"https:\/\/www.leuenberg.eu\/de\/wp-json\/wp\/v2\/tags?post=1525"}],"curies":[{"name":"wp","href":"https:\/\/api.w.org\/{rel}","templated":true}]}}