{"id":1518,"date":"2019-12-07T09:31:08","date_gmt":"2019-12-07T09:31:08","guid":{"rendered":"https:\/\/2025.leuenberg.eu\/2019\/12\/07\/reformationsstadte-europas-aktivitaten-2020-ff\/"},"modified":"2019-12-07T09:31:08","modified_gmt":"2019-12-07T09:31:08","slug":"reformationsstadte-europas-aktivitaten-2020-ff","status":"publish","type":"post","link":"https:\/\/www.leuenberg.eu\/de\/2019\/12\/07\/reformationsstadte-europas-aktivitaten-2020-ff\/","title":{"rendered":"Reformationsst\u00e4dte Europas: Aktivit\u00e4ten 2020 ff"},"content":{"rendered":"<p>Ab 2020 finden in den Reformationsst\u00e4dten Europas weitere Aktivit\u00e4ten zum Jubil\u00e4um von Meilensteinen der Reformationsgeschichte statt. Au\u00dferdem haben mehrere neue St\u00e4dte ihr Interesse bekundet, &#8222;Reformationsstadt Europas&#8220; zu werden (das Verfahren ist weiterhin offen!).<\/p>\n<p>Ein Blick auf <a href=\"https:\/\/reformation-cities.org\/\">www.reformation-cities.org<\/a> wird daher weiterhin lohnen!<\/p>\n<p><em>Foto (GEKE\/I. Monjencs): Rathaus der <a href=\"https:\/\/reformation-cities.org\/cities\/st-poelten\/\">Reformationsstadt St. P\u00f6lten<\/a> im Advent 2019. Der Renaissanceteil des Geb\u00e4udes stammt aus der Reformationszeit, als St. P\u00f6lten mehrheitlich protestantisch war. Von 4.-7. Dezember 2019 tagten die Synoden der \u00f6sterreichischen Evangelischen Kirchen A.B. und H.B. in der Landeshauptstadt Nieder\u00f6sterreichs .<\/em><\/p>\n<p>&nbsp;<\/p>\n<p>&nbsp;<\/p>\n<p>&nbsp;<\/p>\n","protected":false},"excerpt":{"rendered":"<p>Ab 2020 finden in den Reformationsst\u00e4dten Europas weitere Aktivit\u00e4ten zum Jubil\u00e4um von Meilensteinen der Reformationsgeschichte statt. Au\u00dferdem haben mehrere neue St\u00e4dte ihr Interesse bekundet, &#8222;Reformationsstadt Europas&#8220; zu werden (das Verfahren ist weiterhin offen!). Ein Blick auf www.reformation-cities.org wird daher weiterhin lohnen! Foto (GEKE\/I. Monjencs): Rathaus der Reformationsstadt St. P\u00f6lten im Advent 2019. Der Renaissanceteil des [&hellip;]<\/p>\n","protected":false},"author":2,"featured_media":1519,"comment_status":"open","ping_status":"open","sticky":false,"template":"","format":"standard","meta":{"_acf_changed":false,"footnotes":""},"categories":[21,22,10],"tags":[],"class_list":["post-1518","post","type-post","status-publish","format-standard","has-post-thumbnail","hentry","category-deutsch","category-featured","category-news"],"acf":[],"_links":{"self":[{"href":"https:\/\/www.leuenberg.eu\/de\/wp-json\/wp\/v2\/posts\/1518","targetHints":{"allow":["GET"]}}],"collection":[{"href":"https:\/\/www.leuenberg.eu\/de\/wp-json\/wp\/v2\/posts"}],"about":[{"href":"https:\/\/www.leuenberg.eu\/de\/wp-json\/wp\/v2\/types\/post"}],"author":[{"embeddable":true,"href":"https:\/\/www.leuenberg.eu\/de\/wp-json\/wp\/v2\/users\/2"}],"replies":[{"embeddable":true,"href":"https:\/\/www.leuenberg.eu\/de\/wp-json\/wp\/v2\/comments?post=1518"}],"version-history":[{"count":0,"href":"https:\/\/www.leuenberg.eu\/de\/wp-json\/wp\/v2\/posts\/1518\/revisions"}],"wp:featuredmedia":[{"embeddable":true,"href":"https:\/\/www.leuenberg.eu\/de\/wp-json\/wp\/v2\/media\/1519"}],"wp:attachment":[{"href":"https:\/\/www.leuenberg.eu\/de\/wp-json\/wp\/v2\/media?parent=1518"}],"wp:term":[{"taxonomy":"category","embeddable":true,"href":"https:\/\/www.leuenberg.eu\/de\/wp-json\/wp\/v2\/categories?post=1518"},{"taxonomy":"post_tag","embeddable":true,"href":"https:\/\/www.leuenberg.eu\/de\/wp-json\/wp\/v2\/tags?post=1518"}],"curies":[{"name":"wp","href":"https:\/\/api.w.org\/{rel}","templated":true}]}}