{"id":1502,"date":"2019-10-18T16:14:46","date_gmt":"2019-10-18T15:14:46","guid":{"rendered":"https:\/\/2025.leuenberg.eu\/2019\/10\/18\/befreit-verbunden-engagiert-liberated-connected-committed\/"},"modified":"2019-10-18T16:14:46","modified_gmt":"2019-10-18T15:14:46","slug":"befreit-verbunden-engagiert-liberated-connected-committed","status":"publish","type":"post","link":"https:\/\/www.leuenberg.eu\/de\/2019\/10\/18\/befreit-verbunden-engagiert-liberated-connected-committed\/","title":{"rendered":"befreit-verbunden-engagiert \/ liberated-connected-committed"},"content":{"rendered":"<p>Dokumentationsband der 8. Vollversammlung der Gemeinschaft Evangelischer Kirchen in Europa (GEKE) in Basel, Schweiz<br \/>\n<em>Documents of the 8th General Assembly of the Community of Protestant Churches in Europe (CPCE) Basel, Switzerland<\/em><br \/>\n<span style=\"float: none;background-color: #ffffff;color: #666666;cursor: text;font-family: 'Open Sans',Arial,sans-serif;font-size: 14px;font-style: normal;font-variant: normal;font-weight: 500;letter-spacing: normal;text-align: left;text-decoration: none;text-indent: 0px;text-transform: none\">13.\u201318. September 2018<\/span><\/p>\n<p>Europa lebt. Die 8. Vollversammlung der Gemeinschaft Evangelischer Kirchen in Europa tagte im September 2018 mit ca. 200 Delegierten aus ganz Europa im M\u00fcnster zu Basel. Der Dokumentationsband enth\u00e4lt Berichte, Beschl\u00fcsse und deren Begr\u00fcndungen, Vortr\u00e4ge, Predigten, Gru\u00dfworte, Fotos und ein Friedenswort zum Ende des Ersten Weltkrieges vor 100 Jahren. Die Dokumente sind ein Abbild f\u00fcr die gelebte Kirchengemeinschaft der evangelischen Kirchen in Europa. Die Vollversammlung hat sich mit der innerkirchlichen Einheit wie auch mit den \u00f6kumenischen Partnern und dem Verh\u00e4ltnis zur Gesellschaft besch\u00e4ftigt. Der Hauptvortrag von Andrea Riccardi, dem Gr\u00fcnder der Gemeinschaft von Sant\u2019Egidio, ist neben wegweisenden Predigten und dem Schlussbericht mit den Zukunftsthemen im Dokumentationsband enthalten.<\/p>\n<p><em>Bringing Europe alive. The 8th General Assembly of the Community of Protestant Churches in Europe brought together some 200 delegates from all over Europe in September 2018 to gather in Basle Cathedral. This volume of documents contains the reports, resolutions and their reasoning, speeches, sermons, addresses, photos and the message of peace commemorating the centenary of the end of the First World War. These records reflect the church communion experienced between the Protestant Churches in Europe. The General Assembly addressed unity between the churches and with their ecumenical partners as well as the relationship with society as a whole. The keynote speech by Andrea Riccardi, the founder\u00a0 of the Community of Sant\u2019Egidio, is also included in this volume of documents, together with directional sermons and the Final Report outlining the key issues for the years ahead.<\/em><\/p>\n<p>412 S.\/p., ISBN 978-3-374-06141-9, 34,&#8211; Euro<\/p>\n<p><a href=\"http:\/\/510319186.swh.strato-hosting.eu\/GEKE\/documents\/cpce-shop\/\">Bestellung hier online\/Order here online<\/a><\/p>\n<p><em>Photo (GEKE): Hrsg.\/Eds. Mario Fischer &amp; Kathrin Nothacker<\/em><\/p>\n","protected":false},"excerpt":{"rendered":"<p>Dokumentationsband der 8. Vollversammlung der Gemeinschaft Evangelischer Kirchen in Europa (GEKE) in Basel, Schweiz Documents of the 8th General Assembly of the Community of Protestant Churches in Europe (CPCE) Basel, Switzerland 13.\u201318. September 2018 Europa lebt. Die 8. Vollversammlung der Gemeinschaft Evangelischer Kirchen in Europa tagte im September 2018 mit ca. 200 Delegierten aus ganz [&hellip;]<\/p>\n","protected":false},"author":2,"featured_media":1503,"comment_status":"open","ping_status":"open","sticky":false,"template":"","format":"standard","meta":{"_acf_changed":false,"footnotes":""},"categories":[21,20,22,10],"tags":[],"class_list":["post-1502","post","type-post","status-publish","format-standard","has-post-thumbnail","hentry","category-deutsch","category-english","category-featured","category-news"],"acf":[],"_links":{"self":[{"href":"https:\/\/www.leuenberg.eu\/de\/wp-json\/wp\/v2\/posts\/1502","targetHints":{"allow":["GET"]}}],"collection":[{"href":"https:\/\/www.leuenberg.eu\/de\/wp-json\/wp\/v2\/posts"}],"about":[{"href":"https:\/\/www.leuenberg.eu\/de\/wp-json\/wp\/v2\/types\/post"}],"author":[{"embeddable":true,"href":"https:\/\/www.leuenberg.eu\/de\/wp-json\/wp\/v2\/users\/2"}],"replies":[{"embeddable":true,"href":"https:\/\/www.leuenberg.eu\/de\/wp-json\/wp\/v2\/comments?post=1502"}],"version-history":[{"count":0,"href":"https:\/\/www.leuenberg.eu\/de\/wp-json\/wp\/v2\/posts\/1502\/revisions"}],"wp:featuredmedia":[{"embeddable":true,"href":"https:\/\/www.leuenberg.eu\/de\/wp-json\/wp\/v2\/media\/1503"}],"wp:attachment":[{"href":"https:\/\/www.leuenberg.eu\/de\/wp-json\/wp\/v2\/media?parent=1502"}],"wp:term":[{"taxonomy":"category","embeddable":true,"href":"https:\/\/www.leuenberg.eu\/de\/wp-json\/wp\/v2\/categories?post=1502"},{"taxonomy":"post_tag","embeddable":true,"href":"https:\/\/www.leuenberg.eu\/de\/wp-json\/wp\/v2\/tags?post=1502"}],"curies":[{"name":"wp","href":"https:\/\/api.w.org\/{rel}","templated":true}]}}