{"id":1500,"date":"2019-09-30T11:56:36","date_gmt":"2019-09-30T10:56:36","guid":{"rendered":"https:\/\/2025.leuenberg.eu\/2019\/09\/30\/1-treffen-europaischer-okumenebeauftragter\/"},"modified":"2019-09-30T11:56:36","modified_gmt":"2019-09-30T10:56:36","slug":"1-treffen-europaischer-okumenebeauftragter","status":"publish","type":"post","link":"https:\/\/www.leuenberg.eu\/de\/2019\/09\/30\/1-treffen-europaischer-okumenebeauftragter\/","title":{"rendered":"1. Treffen europ\u00e4ischer \u00d6kumenebeauftragter"},"content":{"rendered":"<p>Von 24.-26.9.2019 fand in Kauniesniemi, Finnland, ein erstes Treffen der \u00d6kumenebeauftragten europ\u00e4ischer Kirchen statt, zu dem die Konferenz Europ\u00e4ischer Kirchen (KEK) eingeladen hatte. Die Mehrzahl der vertretenen Kirchen waren auch Mitglieder der GEKE, und so wirkte auch der Studiensekret\u00e4r der GEKE, Prof. Dr. Martin Friedrich mit, um die laufenden Projekte vorzustellen und zur Zusammenarbeit einzuladen. Die Teilnehmenden beschlossen, dass solche Treffen regelm\u00e4\u00dfig stattfinden sollen. Auch die GEKE wird weiterhin die M\u00f6glichkeit zur Beteiligung haben.<\/p>\n<p><em>Foto: KEK<\/em><\/p>\n<p>&nbsp;<\/p>\n","protected":false},"excerpt":{"rendered":"<p>Von 24.-26.9.2019 fand in Kauniesniemi, Finnland, ein erstes Treffen der \u00d6kumenebeauftragten europ\u00e4ischer Kirchen statt, zu dem die Konferenz Europ\u00e4ischer Kirchen (KEK) eingeladen hatte. Die Mehrzahl der vertretenen Kirchen waren auch Mitglieder der GEKE, und so wirkte auch der Studiensekret\u00e4r der GEKE, Prof. Dr. Martin Friedrich mit, um die laufenden Projekte vorzustellen und zur Zusammenarbeit einzuladen. [&hellip;]<\/p>\n","protected":false},"author":2,"featured_media":1501,"comment_status":"open","ping_status":"open","sticky":false,"template":"","format":"standard","meta":{"_acf_changed":false,"footnotes":""},"categories":[21,22,10],"tags":[],"class_list":["post-1500","post","type-post","status-publish","format-standard","has-post-thumbnail","hentry","category-deutsch","category-featured","category-news"],"acf":[],"_links":{"self":[{"href":"https:\/\/www.leuenberg.eu\/de\/wp-json\/wp\/v2\/posts\/1500","targetHints":{"allow":["GET"]}}],"collection":[{"href":"https:\/\/www.leuenberg.eu\/de\/wp-json\/wp\/v2\/posts"}],"about":[{"href":"https:\/\/www.leuenberg.eu\/de\/wp-json\/wp\/v2\/types\/post"}],"author":[{"embeddable":true,"href":"https:\/\/www.leuenberg.eu\/de\/wp-json\/wp\/v2\/users\/2"}],"replies":[{"embeddable":true,"href":"https:\/\/www.leuenberg.eu\/de\/wp-json\/wp\/v2\/comments?post=1500"}],"version-history":[{"count":0,"href":"https:\/\/www.leuenberg.eu\/de\/wp-json\/wp\/v2\/posts\/1500\/revisions"}],"wp:featuredmedia":[{"embeddable":true,"href":"https:\/\/www.leuenberg.eu\/de\/wp-json\/wp\/v2\/media\/1501"}],"wp:attachment":[{"href":"https:\/\/www.leuenberg.eu\/de\/wp-json\/wp\/v2\/media?parent=1500"}],"wp:term":[{"taxonomy":"category","embeddable":true,"href":"https:\/\/www.leuenberg.eu\/de\/wp-json\/wp\/v2\/categories?post=1500"},{"taxonomy":"post_tag","embeddable":true,"href":"https:\/\/www.leuenberg.eu\/de\/wp-json\/wp\/v2\/tags?post=1500"}],"curies":[{"name":"wp","href":"https:\/\/api.w.org\/{rel}","templated":true}]}}