{"id":1460,"date":"2019-06-12T10:52:28","date_gmt":"2019-06-12T09:52:28","guid":{"rendered":"https:\/\/2025.leuenberg.eu\/2019\/06\/12\/geke-am-kirchentag-in-dortmund\/"},"modified":"2019-06-12T10:52:28","modified_gmt":"2019-06-12T09:52:28","slug":"geke-am-kirchentag-in-dortmund","status":"publish","type":"post","link":"https:\/\/www.leuenberg.eu\/de\/2019\/06\/12\/geke-am-kirchentag-in-dortmund\/","title":{"rendered":"GEKE am Kirchentag in Dortmund"},"content":{"rendered":"<p>Auch in Dortmund wird die GEKE wieder mit einem Stand am &#8222;Markt der M\u00f6glichkeiten&#8220; vertreten sein. In Halle 8\/Ost, Stand F-24 freuen sich Generalsekret\u00e4r Mario Fischer und das Team der GEKE auf Ihren Besuch! Die Mitarbeiter*innen am Stand kommen gerne mit Ihnen \u00fcber die aktuellen Arbeitsfelder der GEKE ins Gespr\u00e4ch. Sch\u00fcler*innengruppen k\u00f6nnen sich speziell zu ethischen Fragen am Beginn und Ende des Lebens (sowie die Sicht protestantischer Kirchen darauf) informieren.<\/p>\n<p>Kommen Sie am GEKE-Stand vorbei!<\/p>\n<p><em>Foto: DEKT\/Stephan Sch\u00fctze<\/em><\/p>\n","protected":false},"excerpt":{"rendered":"<p>Auch in Dortmund wird die GEKE wieder mit einem Stand am &#8222;Markt der M\u00f6glichkeiten&#8220; vertreten sein. In Halle 8\/Ost, Stand F-24 freuen sich Generalsekret\u00e4r Mario Fischer und das Team der GEKE auf Ihren Besuch! Die Mitarbeiter*innen am Stand kommen gerne mit Ihnen \u00fcber die aktuellen Arbeitsfelder der GEKE ins Gespr\u00e4ch. Sch\u00fcler*innengruppen k\u00f6nnen sich speziell zu [&hellip;]<\/p>\n","protected":false},"author":2,"featured_media":1461,"comment_status":"open","ping_status":"open","sticky":false,"template":"","format":"standard","meta":{"_acf_changed":false,"footnotes":""},"categories":[21,22,10],"tags":[],"class_list":["post-1460","post","type-post","status-publish","format-standard","has-post-thumbnail","hentry","category-deutsch","category-featured","category-news"],"acf":[],"_links":{"self":[{"href":"https:\/\/www.leuenberg.eu\/de\/wp-json\/wp\/v2\/posts\/1460","targetHints":{"allow":["GET"]}}],"collection":[{"href":"https:\/\/www.leuenberg.eu\/de\/wp-json\/wp\/v2\/posts"}],"about":[{"href":"https:\/\/www.leuenberg.eu\/de\/wp-json\/wp\/v2\/types\/post"}],"author":[{"embeddable":true,"href":"https:\/\/www.leuenberg.eu\/de\/wp-json\/wp\/v2\/users\/2"}],"replies":[{"embeddable":true,"href":"https:\/\/www.leuenberg.eu\/de\/wp-json\/wp\/v2\/comments?post=1460"}],"version-history":[{"count":0,"href":"https:\/\/www.leuenberg.eu\/de\/wp-json\/wp\/v2\/posts\/1460\/revisions"}],"wp:featuredmedia":[{"embeddable":true,"href":"https:\/\/www.leuenberg.eu\/de\/wp-json\/wp\/v2\/media\/1461"}],"wp:attachment":[{"href":"https:\/\/www.leuenberg.eu\/de\/wp-json\/wp\/v2\/media?parent=1460"}],"wp:term":[{"taxonomy":"category","embeddable":true,"href":"https:\/\/www.leuenberg.eu\/de\/wp-json\/wp\/v2\/categories?post=1460"},{"taxonomy":"post_tag","embeddable":true,"href":"https:\/\/www.leuenberg.eu\/de\/wp-json\/wp\/v2\/tags?post=1460"}],"curies":[{"name":"wp","href":"https:\/\/api.w.org\/{rel}","templated":true}]}}